{"id":13848,"date":"2012-04-02T21:59:08","date_gmt":"2012-04-03T04:59:08","guid":{"rendered":"http:\/\/eltecolote.org\/content\/?p=13848"},"modified":"2012-05-12T17:32:15","modified_gmt":"2012-05-13T00:32:15","slug":"breves-3292012-colombia-cuba-el-salvador","status":"publish","type":"post","link":"https:\/\/eltecolote.org\/content\/en\/breves-3292012-colombia-cuba-el-salvador\/","title":{"rendered":"Breves 29\/3\/2012: Colombia, Cuba, El Salvador"},"content":{"rendered":"<p>&nbsp;<\/p>\n<p><strong>Colombia: Sexta cumbre de las Americas pudiera considerar la legalizacioun de drogas y otros asuntos<\/strong><br \/>\nLa sexta cumbre de la Organizaci\u00f3n de Estados Americanos tomar\u00e1 lugar del 14-15 de abril en Cartagena, Colombia. El tema del encuentro ser\u00e1, \u201cConectando las Am\u00e9ricas: Compa\u00f1eros para Prosperidad.\u201d<\/p>\n<p>La junta es \u00fanica ya que es la primera vez que los E.E.U.U. han propuesto una discusi\u00f3n abierta sobre la legalizaci\u00f3n de drogas con el creciente n\u00famero de presidentes latinoamericanos quienes est\u00e1n considerando la legalizaci\u00f3n en sus pa\u00edses.<\/p>\n<p>Secretario de E.E.U.U. Mike Hammer dijo que aunque los E.E.U.U. est\u00e1n abiertos a la discusi\u00f3n, el pa\u00eds a\u00fan es firmemente anti-legalizaci\u00f3n.<\/p>\n<p><strong>Cuba: Reporte de Amnistia Internacional muestra notable incremento de abusos a los derechos humanos en los ultimos dos a\u00f1os<\/strong><br \/>\nSeg\u00fan un reporte por Amnist\u00eda Internacional, el n\u00famero de abusos a los derechos humanos registrados en Cuba increment\u00f3 dram\u00e1ticamente desde 2010 al 2011, este \u00faltimo a\u00f1o siendo testigo a 2.784 incidentes de abuso.<\/p>\n<p>Tambi\u00e9n se encontr\u00f3 que aunque el gobierno cubano liber\u00f3 un n\u00famero de prisioneros pol\u00edticos de a\u00f1os anteriores, muchos disidentes, sobre todo periodistas y bloggers\u2014a\u00fan se les est\u00e1n negando derechos b\u00e1sicos, como acceso a un abogado.<\/p>\n<p>Conclusiones adicionales muestran que a\u00fan hay un peque\u00f1o pero significante n\u00famero de cubanos quienes estan siendo detenidos por sus creencias religiosas, pol\u00edticas o personales.<\/p>\n<p><strong>El Salvador: Fuerzas de seguridad publica se vuelven militarizadas<\/strong><br \/>\nEl presidente de El Salvador, Mauricio Funes, ha hecho grandes cambios en su cabinete, movi\u00e9ndose hacia un incremento en la militarizaci\u00f3n de fuerzas de seguridad p\u00fablica.<\/p>\n<p>Muchos oficiales anteriores, supuestamente conectados con el Frente de Liberaci\u00f3n Farabundo Marti, han sido reemplazados por oficiales militares de alto nivel y egresados de la Escuela de las Am\u00e9ricas.<\/p>\n<p>La fuerza de seguridad p\u00fablica en El Salvador ha sido dirigida por civiles desde el acuerdo de paz despu\u00e9s de una larga y sangrienta Guerra Civil. Cr\u00edticos han expresado preocupaci\u00f3n de que un incremento en medidas de seguridad por parte de E.E.U.U. en Centroam\u00e9rica, as\u00ed como la creciente militarizaci\u00f3n de las fuerzas de seguridad p\u00fablica, pudieran afectar la democracia en la region.<\/p>\n","protected":false},"excerpt":{"rendered":"<p>&nbsp; Colombia: Sexta cumbre de las Americas pudiera considerar la legalizacioun de drogas y otros asuntos La sexta cumbre de la Organizaci\u00f3n de Estados Americanos tomar\u00e1 lugar del 14-15 de abril en Cartagena, Colombia. El tema del encuentro ser\u00e1, \u201cConectando las Am\u00e9ricas: Compa\u00f1eros para Prosperidad.\u201d La junta es \u00fanica ya que es la primera vez [&hellip;]<\/p>\n","protected":false},"author":35,"featured_media":0,"comment_status":"open","ping_status":"closed","sticky":false,"template":"","format":"standard","meta":{"newspack_popups_has_disabled_popups":false,"newspack_featured_image_position":"","newspack_post_subtitle":"","newspack_article_summary_title":"Overview:","newspack_article_summary":"","newspack_hide_updated_date":false,"newspack_show_updated_date":false,"footnotes":""},"categories":[6],"tags":[1583,1582,1585,602,331,68,1581,1584],"coauthors":[],"class_list":["post-13848","post","type-post","status-publish","format-standard","hentry","category-latin_america","tag-america-latina-escritos","tag-amnistia-internacional","tag-breves-03292012-colombia","tag-colombia","tag-cuba","tag-el-salvador","tag-mauricio-funes","tag-organizacion-de-estados-americanos","entry"],"yoast_head":"<!-- This site is optimized with the Yoast SEO plugin v27.4 - https:\/\/yoast.com\/product\/yoast-seo-wordpress\/ -->\n<title>Breves 29\/3\/2012: Colombia, Cuba, El Salvador - El Tecolote<\/title>\n<meta name=\"description\" content=\"&nbsp; Colombia: Sexta cumbre de las Americas pudiera considerar la legalizacioun de drogas y otros asuntos La sexta cumbre de la Organizaci\u00f3n de Estados\" \/>\n<meta name=\"robots\" content=\"index, follow, max-snippet:-1, max-image-preview:large, max-video-preview:-1\" \/>\n<link rel=\"canonical\" href=\"https:\/\/eltecolote.org\/content\/en\/breves-3292012-colombia-cuba-el-salvador\/\" \/>\n<meta property=\"og:locale\" content=\"en_US\" \/>\n<meta property=\"og:type\" content=\"article\" \/>\n<meta property=\"og:title\" content=\"Breves 29\/3\/2012: Colombia, Cuba, El Salvador - El Tecolote\" \/>\n<meta property=\"og:description\" content=\"&nbsp; Colombia: Sexta cumbre de las Americas pudiera considerar la legalizacioun de drogas y otros asuntos La sexta cumbre de la Organizaci\u00f3n de Estados\" \/>\n<meta property=\"og:url\" content=\"https:\/\/eltecolote.org\/content\/en\/breves-3292012-colombia-cuba-el-salvador\/\" \/>\n<meta property=\"og:site_name\" content=\"El Tecolote\" \/>\n<meta property=\"article:publisher\" content=\"https:\/\/www.facebook.com\/ElTecoloteSF\/\" \/>\n<meta property=\"article:published_time\" content=\"2012-04-03T04:59:08+00:00\" \/>\n<meta property=\"article:modified_time\" content=\"2012-05-13T00:32:15+00:00\" \/>\n<meta property=\"og:image\" content=\"https:\/\/i0.wp.com\/eltecolote.org\/content\/wp-content\/uploads\/2019\/10\/facebook.png?fit=8672%2C4960&quality=80&ssl=1\" \/>\n\t<meta property=\"og:image:width\" content=\"8672\" \/>\n\t<meta property=\"og:image:height\" content=\"4960\" \/>\n\t<meta property=\"og:image:type\" content=\"image\/png\" \/>\n<meta name=\"author\" content=\"El Tecolote Staff\" \/>\n<meta name=\"twitter:card\" content=\"summary_large_image\" \/>\n<meta name=\"twitter:creator\" content=\"@eltecolotesf\" \/>\n<meta name=\"twitter:site\" content=\"@eltecolotesf\" \/>\n<meta name=\"twitter:label1\" content=\"Written by\" \/>\n\t<meta name=\"twitter:data1\" content=\"El Tecolote Staff\" \/>\n\t<meta name=\"twitter:label2\" content=\"Est. reading time\" \/>\n\t<meta name=\"twitter:data2\" content=\"2 minutes\" \/>\n<script type=\"application\/ld+json\" class=\"yoast-schema-graph\">{\"@context\":\"https:\\\/\\\/schema.org\",\"@graph\":[{\"@type\":\"NewsArticle\",\"@id\":\"https:\\\/\\\/eltecolote.org\\\/content\\\/en\\\/breves-3292012-colombia-cuba-el-salvador\\\/#article\",\"isPartOf\":{\"@id\":\"https:\\\/\\\/eltecolote.org\\\/content\\\/en\\\/breves-3292012-colombia-cuba-el-salvador\\\/\"},\"author\":{\"name\":\"El Tecolote Staff\",\"@id\":\"https:\\\/\\\/eltecolote.org\\\/content\\\/#\\\/schema\\\/person\\\/08828d10185eba96895a8363a269410e\"},\"headline\":\"Breves 29\\\/3\\\/2012: Colombia, Cuba, El Salvador\",\"datePublished\":\"2012-04-03T04:59:08+00:00\",\"dateModified\":\"2012-05-13T00:32:15+00:00\",\"mainEntityOfPage\":{\"@id\":\"https:\\\/\\\/eltecolote.org\\\/content\\\/en\\\/breves-3292012-colombia-cuba-el-salvador\\\/\"},\"wordCount\":399,\"commentCount\":0,\"publisher\":{\"@id\":\"https:\\\/\\\/eltecolote.org\\\/content\\\/#organization\"},\"keywords\":[\"Am\u00e9rica Latina escritos\",\"Amnist\u00eda Internacional\",\"Breves 03\\\/29\\\/2012: Colombia\",\"colombia\",\"Cuba\",\"el salvador\",\"Mauricio Funes\",\"Organizaci\u00f3n de Estados Americanos\"],\"articleSection\":[\"Latin America\"],\"inLanguage\":\"en\",\"potentialAction\":[{\"@type\":\"CommentAction\",\"name\":\"Comment\",\"target\":[\"https:\\\/\\\/eltecolote.org\\\/content\\\/en\\\/breves-3292012-colombia-cuba-el-salvador\\\/#respond\"]}]},{\"@type\":\"WebPage\",\"@id\":\"https:\\\/\\\/eltecolote.org\\\/content\\\/en\\\/breves-3292012-colombia-cuba-el-salvador\\\/\",\"url\":\"https:\\\/\\\/eltecolote.org\\\/content\\\/en\\\/breves-3292012-colombia-cuba-el-salvador\\\/\",\"name\":\"Breves 29\\\/3\\\/2012: Colombia, Cuba, El Salvador - El Tecolote\",\"isPartOf\":{\"@id\":\"https:\\\/\\\/eltecolote.org\\\/content\\\/#website\"},\"datePublished\":\"2012-04-03T04:59:08+00:00\",\"dateModified\":\"2012-05-13T00:32:15+00:00\",\"description\":\"&nbsp; Colombia: Sexta cumbre de las Americas pudiera considerar la legalizacioun de drogas y otros asuntos La sexta cumbre de la Organizaci\u00f3n de Estados\",\"inLanguage\":\"en\",\"potentialAction\":[{\"@type\":\"ReadAction\",\"target\":[\"https:\\\/\\\/eltecolote.org\\\/content\\\/en\\\/breves-3292012-colombia-cuba-el-salvador\\\/\"]}]},{\"@type\":\"WebSite\",\"@id\":\"https:\\\/\\\/eltecolote.org\\\/content\\\/#website\",\"url\":\"https:\\\/\\\/eltecolote.org\\\/content\\\/\",\"name\":\"El Tecolote\",\"description\":\"San Francisco's Latinx newspaper since 1970\",\"publisher\":{\"@id\":\"https:\\\/\\\/eltecolote.org\\\/content\\\/#organization\"},\"potentialAction\":[{\"@type\":\"SearchAction\",\"target\":{\"@type\":\"EntryPoint\",\"urlTemplate\":\"https:\\\/\\\/eltecolote.org\\\/content\\\/?s={search_term_string}\"},\"query-input\":{\"@type\":\"PropertyValueSpecification\",\"valueRequired\":true,\"valueName\":\"search_term_string\"}}],\"inLanguage\":\"en\"},{\"@type\":\"Organization\",\"@id\":\"https:\\\/\\\/eltecolote.org\\\/content\\\/#organization\",\"name\":\"El Tecolote\",\"url\":\"https:\\\/\\\/eltecolote.org\\\/content\\\/\",\"logo\":{\"@type\":\"ImageObject\",\"inLanguage\":\"en\",\"@id\":\"https:\\\/\\\/eltecolote.org\\\/content\\\/#\\\/schema\\\/logo\\\/image\\\/\",\"url\":\"https:\\\/\\\/i0.wp.com\\\/eltecolote.org\\\/content\\\/wp-content\\\/uploads\\\/2021\\\/05\\\/ETlogo-1.jpg?fit=400%2C400&ssl=1\",\"contentUrl\":\"https:\\\/\\\/i0.wp.com\\\/eltecolote.org\\\/content\\\/wp-content\\\/uploads\\\/2021\\\/05\\\/ETlogo-1.jpg?fit=400%2C400&ssl=1\",\"width\":400,\"height\":400,\"caption\":\"El Tecolote\"},\"image\":{\"@id\":\"https:\\\/\\\/eltecolote.org\\\/content\\\/#\\\/schema\\\/logo\\\/image\\\/\"},\"sameAs\":[\"https:\\\/\\\/www.facebook.com\\\/ElTecoloteSF\\\/\",\"https:\\\/\\\/x.com\\\/eltecolotesf\",\"https:\\\/\\\/www.instagram.com\\\/eltecolotesf\\\/\"]},{\"@type\":\"Person\",\"@id\":\"https:\\\/\\\/eltecolote.org\\\/content\\\/#\\\/schema\\\/person\\\/08828d10185eba96895a8363a269410e\",\"name\":\"El Tecolote Staff\",\"image\":{\"@type\":\"ImageObject\",\"inLanguage\":\"en\",\"@id\":\"https:\\\/\\\/secure.gravatar.com\\\/avatar\\\/9534c92c8c908364e186a64d93efc86f62367109d1b07a3454facde655968589?s=96&d=mm&r=g6afcb607783e095e4cf6be807353924d\",\"url\":\"https:\\\/\\\/secure.gravatar.com\\\/avatar\\\/9534c92c8c908364e186a64d93efc86f62367109d1b07a3454facde655968589?s=96&d=mm&r=g\",\"contentUrl\":\"https:\\\/\\\/secure.gravatar.com\\\/avatar\\\/9534c92c8c908364e186a64d93efc86f62367109d1b07a3454facde655968589?s=96&d=mm&r=g\",\"caption\":\"El Tecolote Staff\"},\"url\":\"https:\\\/\\\/eltecolote.org\\\/content\\\/author\\\/web-editor\\\/\"}]}<\/script>\n<!-- \/ Yoast SEO plugin. -->","yoast_head_json":{"title":"Breves 29\/3\/2012: Colombia, Cuba, El Salvador - El Tecolote","description":"&nbsp; Colombia: Sexta cumbre de las Americas pudiera considerar la legalizacioun de drogas y otros asuntos La sexta cumbre de la Organizaci\u00f3n de Estados","robots":{"index":"index","follow":"follow","max-snippet":"max-snippet:-1","max-image-preview":"max-image-preview:large","max-video-preview":"max-video-preview:-1"},"canonical":"https:\/\/eltecolote.org\/content\/en\/breves-3292012-colombia-cuba-el-salvador\/","og_locale":"en_US","og_type":"article","og_title":"Breves 29\/3\/2012: Colombia, Cuba, El Salvador - El Tecolote","og_description":"&nbsp; Colombia: Sexta cumbre de las Americas pudiera considerar la legalizacioun de drogas y otros asuntos La sexta cumbre de la Organizaci\u00f3n de Estados","og_url":"https:\/\/eltecolote.org\/content\/en\/breves-3292012-colombia-cuba-el-salvador\/","og_site_name":"El Tecolote","article_publisher":"https:\/\/www.facebook.com\/ElTecoloteSF\/","article_published_time":"2012-04-03T04:59:08+00:00","article_modified_time":"2012-05-13T00:32:15+00:00","og_image":[{"width":8672,"height":4960,"url":"https:\/\/i0.wp.com\/eltecolote.org\/content\/wp-content\/uploads\/2019\/10\/facebook.png?fit=8672%2C4960&quality=80&ssl=1","type":"image\/png"}],"author":"El Tecolote Staff","twitter_card":"summary_large_image","twitter_creator":"@eltecolotesf","twitter_site":"@eltecolotesf","twitter_misc":{"Written by":"El Tecolote Staff","Est. reading time":"2 minutes"},"schema":{"@context":"https:\/\/schema.org","@graph":[{"@type":"NewsArticle","@id":"https:\/\/eltecolote.org\/content\/en\/breves-3292012-colombia-cuba-el-salvador\/#article","isPartOf":{"@id":"https:\/\/eltecolote.org\/content\/en\/breves-3292012-colombia-cuba-el-salvador\/"},"author":{"name":"El Tecolote Staff","@id":"https:\/\/eltecolote.org\/content\/#\/schema\/person\/08828d10185eba96895a8363a269410e"},"headline":"Breves 29\/3\/2012: Colombia, Cuba, El Salvador","datePublished":"2012-04-03T04:59:08+00:00","dateModified":"2012-05-13T00:32:15+00:00","mainEntityOfPage":{"@id":"https:\/\/eltecolote.org\/content\/en\/breves-3292012-colombia-cuba-el-salvador\/"},"wordCount":399,"commentCount":0,"publisher":{"@id":"https:\/\/eltecolote.org\/content\/#organization"},"keywords":["Am\u00e9rica Latina escritos","Amnist\u00eda Internacional","Breves 03\/29\/2012: Colombia","colombia","Cuba","el salvador","Mauricio Funes","Organizaci\u00f3n de Estados Americanos"],"articleSection":["Latin America"],"inLanguage":"en","potentialAction":[{"@type":"CommentAction","name":"Comment","target":["https:\/\/eltecolote.org\/content\/en\/breves-3292012-colombia-cuba-el-salvador\/#respond"]}]},{"@type":"WebPage","@id":"https:\/\/eltecolote.org\/content\/en\/breves-3292012-colombia-cuba-el-salvador\/","url":"https:\/\/eltecolote.org\/content\/en\/breves-3292012-colombia-cuba-el-salvador\/","name":"Breves 29\/3\/2012: Colombia, Cuba, El Salvador - El Tecolote","isPartOf":{"@id":"https:\/\/eltecolote.org\/content\/#website"},"datePublished":"2012-04-03T04:59:08+00:00","dateModified":"2012-05-13T00:32:15+00:00","description":"&nbsp; Colombia: Sexta cumbre de las Americas pudiera considerar la legalizacioun de drogas y otros asuntos La sexta cumbre de la Organizaci\u00f3n de Estados","inLanguage":"en","potentialAction":[{"@type":"ReadAction","target":["https:\/\/eltecolote.org\/content\/en\/breves-3292012-colombia-cuba-el-salvador\/"]}]},{"@type":"WebSite","@id":"https:\/\/eltecolote.org\/content\/#website","url":"https:\/\/eltecolote.org\/content\/","name":"El Tecolote","description":"San Francisco's Latinx newspaper since 1970","publisher":{"@id":"https:\/\/eltecolote.org\/content\/#organization"},"potentialAction":[{"@type":"SearchAction","target":{"@type":"EntryPoint","urlTemplate":"https:\/\/eltecolote.org\/content\/?s={search_term_string}"},"query-input":{"@type":"PropertyValueSpecification","valueRequired":true,"valueName":"search_term_string"}}],"inLanguage":"en"},{"@type":"Organization","@id":"https:\/\/eltecolote.org\/content\/#organization","name":"El Tecolote","url":"https:\/\/eltecolote.org\/content\/","logo":{"@type":"ImageObject","inLanguage":"en","@id":"https:\/\/eltecolote.org\/content\/#\/schema\/logo\/image\/","url":"https:\/\/i0.wp.com\/eltecolote.org\/content\/wp-content\/uploads\/2021\/05\/ETlogo-1.jpg?fit=400%2C400&ssl=1","contentUrl":"https:\/\/i0.wp.com\/eltecolote.org\/content\/wp-content\/uploads\/2021\/05\/ETlogo-1.jpg?fit=400%2C400&ssl=1","width":400,"height":400,"caption":"El Tecolote"},"image":{"@id":"https:\/\/eltecolote.org\/content\/#\/schema\/logo\/image\/"},"sameAs":["https:\/\/www.facebook.com\/ElTecoloteSF\/","https:\/\/x.com\/eltecolotesf","https:\/\/www.instagram.com\/eltecolotesf\/"]},{"@type":"Person","@id":"https:\/\/eltecolote.org\/content\/#\/schema\/person\/08828d10185eba96895a8363a269410e","name":"El Tecolote Staff","image":{"@type":"ImageObject","inLanguage":"en","@id":"https:\/\/secure.gravatar.com\/avatar\/9534c92c8c908364e186a64d93efc86f62367109d1b07a3454facde655968589?s=96&d=mm&r=g6afcb607783e095e4cf6be807353924d","url":"https:\/\/secure.gravatar.com\/avatar\/9534c92c8c908364e186a64d93efc86f62367109d1b07a3454facde655968589?s=96&d=mm&r=g","contentUrl":"https:\/\/secure.gravatar.com\/avatar\/9534c92c8c908364e186a64d93efc86f62367109d1b07a3454facde655968589?s=96&d=mm&r=g","caption":"El Tecolote Staff"},"url":"https:\/\/eltecolote.org\/content\/author\/web-editor\/"}]}},"distributor_meta":false,"distributor_terms":false,"distributor_media":false,"distributor_original_site_name":"El Tecolote","distributor_original_site_url":"https:\/\/eltecolote.org\/content","push-errors":false,"_links":{"self":[{"href":"https:\/\/eltecolote.org\/content\/wp-json\/wp\/v2\/posts\/13848","targetHints":{"allow":["GET"]}}],"collection":[{"href":"https:\/\/eltecolote.org\/content\/wp-json\/wp\/v2\/posts"}],"about":[{"href":"https:\/\/eltecolote.org\/content\/wp-json\/wp\/v2\/types\/post"}],"author":[{"embeddable":true,"href":"https:\/\/eltecolote.org\/content\/wp-json\/wp\/v2\/users\/35"}],"replies":[{"embeddable":true,"href":"https:\/\/eltecolote.org\/content\/wp-json\/wp\/v2\/comments?post=13848"}],"version-history":[{"count":7,"href":"https:\/\/eltecolote.org\/content\/wp-json\/wp\/v2\/posts\/13848\/revisions"}],"predecessor-version":[{"id":14615,"href":"https:\/\/eltecolote.org\/content\/wp-json\/wp\/v2\/posts\/13848\/revisions\/14615"}],"wp:attachment":[{"href":"https:\/\/eltecolote.org\/content\/wp-json\/wp\/v2\/media?parent=13848"}],"wp:term":[{"taxonomy":"category","embeddable":true,"href":"https:\/\/eltecolote.org\/content\/wp-json\/wp\/v2\/categories?post=13848"},{"taxonomy":"post_tag","embeddable":true,"href":"https:\/\/eltecolote.org\/content\/wp-json\/wp\/v2\/tags?post=13848"},{"taxonomy":"author","embeddable":true,"href":"https:\/\/eltecolote.org\/content\/wp-json\/wp\/v2\/coauthors?post=13848"}],"curies":[{"name":"wp","href":"https:\/\/api.w.org\/{rel}","templated":true}]}}