{"id":13370,"date":"2012-02-23T18:06:37","date_gmt":"2012-02-24T01:06:37","guid":{"rendered":"http:\/\/eltecolote.org\/content\/?p=13370"},"modified":"2012-02-23T18:07:59","modified_gmt":"2012-02-24T01:07:59","slug":"cooperativa-anarquista-provee-ayuda-despues-de-huracan-katrina","status":"publish","type":"post","link":"https:\/\/eltecolote.org\/content\/en\/cooperativa-anarquista-provee-ayuda-despues-de-huracan-katrina\/","title":{"rendered":"Cooperativa anarquista provee ayuda despu\u00e9s de hurac\u00e1n Katrina"},"content":{"rendered":"<p><a href=\"https:\/\/eltecolote.org\/content\/?attachment_id=13371\" rel=\"attachment wp-att-13371\"><img data-recalc-dims=\"1\" loading=\"lazy\" decoding=\"async\" class=\"alignright size-large wp-image-13371\" title=\"Black-flags_01\" src=\"https:\/\/i0.wp.com\/eltecolote.org\/content\/wp-content\/uploads\/2012\/02\/Black-flags_01.png?resize=224%2C336&#038;quality=80&#038;ssl=1\" alt=\"\" width=\"224\" height=\"336\" srcset=\"https:\/\/i0.wp.com\/eltecolote.org\/content\/wp-content\/uploads\/2012\/02\/Black-flags_01.png?resize=320%2C480&amp;quality=80&amp;ssl=1 320w, https:\/\/i0.wp.com\/eltecolote.org\/content\/wp-content\/uploads\/2012\/02\/Black-flags_01.png?resize=600%2C899&amp;quality=80&amp;ssl=1 600w, https:\/\/i0.wp.com\/eltecolote.org\/content\/wp-content\/uploads\/2012\/02\/Black-flags_01.png?resize=166%2C250&amp;quality=80&amp;ssl=1 166w, https:\/\/i0.wp.com\/eltecolote.org\/content\/wp-content\/uploads\/2012\/02\/Black-flags_01.png?w=800&amp;quality=80&amp;ssl=1 800w\" sizes=\"auto, (max-width: 224px) 100vw, 224px\" \/><\/a><\/p>\n<p>Durante las secuelas del Hurac\u00e1n Katrina se platic\u00f3 mucho sobre qui\u00e9nes eran los culpables y qui\u00e9nes los responsables de la limpieza en \u00faltima instancia.<\/p>\n<p>Mientras varios grupos se culpaban los unos a los otros, surgi\u00f3 un grupo de anarquistas autodenominado \u2018Common Ground Collective\u2019 (Colectivo de afinidad) que acabaron siendo quienes respondieron primero en Nueva Orleans.<\/p>\n<p>El libro \u201cBlack Flags and Windmills\u201d es la historia de este colectivo de personas, una narraci\u00f3n en primera persona de Scott Crow, uno de sus fundadores.<\/p>\n<p>Pocos d\u00edas despu\u00e9s de la tormenta, Crow y un amigo suyo partieron de Austin, Texas, con un bote y las pocas provisiones que pod\u00edan acarrear. Ten\u00edan la determinaci\u00f3n de averiguar qu\u00e9 le hab\u00eda sucedido a Robert \u201cKing\u201d Wilkerson, un amigo de ambos que perteneci\u00f3 al Partido de Panteras Negras y con quien hab\u00edan perdido la comunicaci\u00f3n despu\u00e9s de que los diques reventaran.<\/p>\n<p>La magnitud de la devastaci\u00f3n que pudieron presenciar a su llegada fue bien documentada, pero el relato de Crow es muy diferente al de los medios de comunicaci\u00f3n masivos.<\/p>\n<p>Durante esos primeros d\u00edas, las retransmisiones de los medios durante las horas de m\u00e1xima audiencia retrataron una zona de guerra en la que quienes trataban de rescatar a los supervivientes no pod\u00edan a causa de los saqueos, violaciones y asesinatos. (No fue hasta despu\u00e9s, cuando se descubri\u00f3 que la mayor\u00eda no eran sino rumores, que se enquistaron dando lugar a un mal periodismo.)<\/p>\n<p>Crow recuerda a milicias de hombres blancos armados que participaron en muestras de cruda agresi\u00f3n\u2014no muy diferente al Ku Kux Klan\u2014que recorr\u00edan las calles en camionetas aterrorizando a los vecinos, quienes no se atrev\u00edan a salir a la calle para pedir ayuda.<\/p>\n<p>Las agencias de auxilio del gobierno construyeron elegantes cuarteles temporales y apenas si proveyeron ayuda. Crow recuerda c\u00f3mo unos vecinos desesperados y necesitados se arremolinaron en torno a las camionetas de la Cruz Roja esperando recibir provisiones, para luego descubrir que las cajas estaban llenas de cubiertos de pl\u00e1stico y servilletas de papel.<\/p>\n<p>El argumento m\u00e1s importante de la narraci\u00f3n de Crow es que a pesar de los escasos medios que ten\u00eda en comparaci\u00f3n con las agencias de auxilio, \u2018Common Ground Collective\u2019 logr\u00f3 lo que el gobierno no pudo o quiso. Consisti\u00f3 en una federaci\u00f3n de grupos de activistas pol\u00edticos y muchos voluntarios que trabajaron sin cansancio en medio del sofocante calor canicular, estableciendo y manteniendo las primeras cl\u00ednicas de atenci\u00f3n m\u00e9dica, puntos de distribuci\u00f3n de comida y provisiones, y centros de comunicaci\u00f3n.<\/p>\n<p>Incluso el encargado regional de la agencia federal FEMA busc\u00f3 atenci\u00f3n y cuidado m\u00e9dico en la cl\u00ednica del colectivo en determinado momento.<br \/>\nAunque la prosa es algo ins\u00edpida, la tem\u00e1tica es lo suficientemente interesante como para pasarla por alto. El libro flaquea, sin embargo, en los momentos que Crow decide alejarse de la trama, lo que hace en repetidas ocasiones.<\/p>\n<p>En un libro de apenas 200 p\u00e1ginas, dedica demasiadas al Partido de la Panteras Negras, a su historia personal como vegano y a varias de sus experiencias vitales. Y cada vez que insiste en c\u00f3mo se hizo anarquista, es igual de malo. Podr\u00edan ser prejuicios m\u00edos, pero lo que hicieron estos anarquistas es mucho m\u00e1s interesante que el marco te\u00f3rico en que se desarroll\u00f3, que Crow insiste en explicar al lector.<\/p>\n<p>Por ejemplo, \u00bfpor qu\u00e9 insiste en c\u00f3mo es necesario el uso de la fuerza o la \u201cresistencia armada\u201d cuando el relato del incidente en el que varios miembros armados del colectivo doblegaron a un miliciano blanco habla por s\u00ed mismo?<\/p>\n<p>Aunque ocasionalmente padezca de un tono propagand\u00edstico, \u201cBlack Flags and Windmills\u201d es un s\u00f3lido ejemplo de la eficacia de la organizaci\u00f3n comunitaria, y a\u00fan m\u00e1s significativamente, ilustra d\u00f3nde y qu\u00e9 tipo de ayuda nos podr\u00eda llegar si hubiese una cat\u00e1strofe natural en el futuro.<\/p>\n<p><em>\u2014Traducci\u00f3n I\u00f1aki Fdez. de Retana<\/em><\/p>\n","protected":false},"excerpt":{"rendered":"<p>Durante las secuelas del Hurac\u00e1n Katrina se platic\u00f3 mucho sobre qui\u00e9nes eran los culpables y qui\u00e9nes los responsables de la limpieza en \u00faltima instancia.<\/p>\n","protected":false},"author":35,"featured_media":0,"comment_status":"open","ping_status":"closed","sticky":false,"template":"","format":"standard","meta":{"newspack_popups_has_disabled_popups":false,"newspack_featured_image_position":"","newspack_post_subtitle":"","newspack_article_summary_title":"Overview:","newspack_article_summary":"","newspack_hide_updated_date":false,"newspack_show_updated_date":false,"footnotes":""},"categories":[7],"tags":[1535,1114,1538,1536,1537],"coauthors":[],"class_list":["post-13370","post","type-post","status-publish","format-standard","hentry","category-news","tag-black-flags-and-windmills","tag-book-review","tag-common-ground-collective","tag-hurricane-katrina","tag-new-orleans","entry"],"yoast_head":"<!-- This site is optimized with the Yoast SEO plugin v27.4 - https:\/\/yoast.com\/product\/yoast-seo-wordpress\/ -->\n<title>Cooperativa anarquista provee ayuda despu\u00e9s de hurac\u00e1n Katrina - El Tecolote<\/title>\n<meta name=\"description\" content=\"Durante las secuelas del Hurac\u00e1n Katrina se platic\u00f3 mucho sobre qui\u00e9nes eran los culpables y qui\u00e9nes los responsables de la limpieza en \u00faltima instancia.\" \/>\n<meta name=\"robots\" content=\"index, follow, max-snippet:-1, max-image-preview:large, max-video-preview:-1\" \/>\n<link rel=\"canonical\" href=\"https:\/\/eltecolote.org\/content\/en\/cooperativa-anarquista-provee-ayuda-despues-de-huracan-katrina\/\" \/>\n<meta property=\"og:locale\" content=\"en_US\" \/>\n<meta property=\"og:type\" content=\"article\" \/>\n<meta property=\"og:title\" content=\"Cooperativa anarquista provee ayuda despu\u00e9s de hurac\u00e1n Katrina - El Tecolote\" \/>\n<meta property=\"og:description\" content=\"Durante las secuelas del Hurac\u00e1n Katrina se platic\u00f3 mucho sobre qui\u00e9nes eran los culpables y qui\u00e9nes los responsables de la limpieza en \u00faltima instancia.\" \/>\n<meta property=\"og:url\" content=\"https:\/\/eltecolote.org\/content\/en\/cooperativa-anarquista-provee-ayuda-despues-de-huracan-katrina\/\" \/>\n<meta property=\"og:site_name\" content=\"El Tecolote\" \/>\n<meta property=\"article:publisher\" content=\"https:\/\/www.facebook.com\/ElTecoloteSF\/\" \/>\n<meta property=\"article:published_time\" content=\"2012-02-24T01:06:37+00:00\" \/>\n<meta property=\"article:modified_time\" content=\"2012-02-24T01:07:59+00:00\" \/>\n<meta property=\"og:image\" content=\"http:\/\/eltecolote.org\/content\/wp-content\/uploads\/2012\/02\/Black-flags_01-320x480.png\" \/>\n<meta name=\"author\" content=\"El Tecolote Staff\" \/>\n<meta name=\"twitter:card\" content=\"summary_large_image\" \/>\n<meta name=\"twitter:creator\" content=\"@eltecolotesf\" \/>\n<meta name=\"twitter:site\" content=\"@eltecolotesf\" \/>\n<meta name=\"twitter:label1\" content=\"Written by\" \/>\n\t<meta name=\"twitter:data1\" content=\"El Tecolote Staff\" \/>\n\t<meta name=\"twitter:label2\" content=\"Est. reading time\" \/>\n\t<meta name=\"twitter:data2\" content=\"3 minutes\" \/>\n<script type=\"application\/ld+json\" class=\"yoast-schema-graph\">{\"@context\":\"https:\\\/\\\/schema.org\",\"@graph\":[{\"@type\":\"NewsArticle\",\"@id\":\"https:\\\/\\\/eltecolote.org\\\/content\\\/en\\\/cooperativa-anarquista-provee-ayuda-despues-de-huracan-katrina\\\/#article\",\"isPartOf\":{\"@id\":\"https:\\\/\\\/eltecolote.org\\\/content\\\/en\\\/cooperativa-anarquista-provee-ayuda-despues-de-huracan-katrina\\\/\"},\"author\":{\"name\":\"El Tecolote Staff\",\"@id\":\"https:\\\/\\\/eltecolote.org\\\/content\\\/#\\\/schema\\\/person\\\/08828d10185eba96895a8363a269410e\"},\"headline\":\"Cooperativa anarquista provee ayuda despu\u00e9s de hurac\u00e1n Katrina\",\"datePublished\":\"2012-02-24T01:06:37+00:00\",\"dateModified\":\"2012-02-24T01:07:59+00:00\",\"mainEntityOfPage\":{\"@id\":\"https:\\\/\\\/eltecolote.org\\\/content\\\/en\\\/cooperativa-anarquista-provee-ayuda-despues-de-huracan-katrina\\\/\"},\"wordCount\":699,\"commentCount\":0,\"publisher\":{\"@id\":\"https:\\\/\\\/eltecolote.org\\\/content\\\/#organization\"},\"image\":{\"@id\":\"https:\\\/\\\/eltecolote.org\\\/content\\\/en\\\/cooperativa-anarquista-provee-ayuda-despues-de-huracan-katrina\\\/#primaryimage\"},\"thumbnailUrl\":\"http:\\\/\\\/eltecolote.org\\\/content\\\/wp-content\\\/uploads\\\/2012\\\/02\\\/Black-flags_01-320x480.png\",\"keywords\":[\"Black Flags and Windmills\",\"book review\",\"Common Ground Collective\",\"Hurricane Katrina\",\"New Orleans\"],\"articleSection\":[\"News\"],\"inLanguage\":\"en\",\"potentialAction\":[{\"@type\":\"CommentAction\",\"name\":\"Comment\",\"target\":[\"https:\\\/\\\/eltecolote.org\\\/content\\\/en\\\/cooperativa-anarquista-provee-ayuda-despues-de-huracan-katrina\\\/#respond\"]}]},{\"@type\":\"WebPage\",\"@id\":\"https:\\\/\\\/eltecolote.org\\\/content\\\/en\\\/cooperativa-anarquista-provee-ayuda-despues-de-huracan-katrina\\\/\",\"url\":\"https:\\\/\\\/eltecolote.org\\\/content\\\/en\\\/cooperativa-anarquista-provee-ayuda-despues-de-huracan-katrina\\\/\",\"name\":\"Cooperativa anarquista provee ayuda despu\u00e9s de hurac\u00e1n Katrina - El Tecolote\",\"isPartOf\":{\"@id\":\"https:\\\/\\\/eltecolote.org\\\/content\\\/#website\"},\"primaryImageOfPage\":{\"@id\":\"https:\\\/\\\/eltecolote.org\\\/content\\\/en\\\/cooperativa-anarquista-provee-ayuda-despues-de-huracan-katrina\\\/#primaryimage\"},\"image\":{\"@id\":\"https:\\\/\\\/eltecolote.org\\\/content\\\/en\\\/cooperativa-anarquista-provee-ayuda-despues-de-huracan-katrina\\\/#primaryimage\"},\"thumbnailUrl\":\"http:\\\/\\\/eltecolote.org\\\/content\\\/wp-content\\\/uploads\\\/2012\\\/02\\\/Black-flags_01-320x480.png\",\"datePublished\":\"2012-02-24T01:06:37+00:00\",\"dateModified\":\"2012-02-24T01:07:59+00:00\",\"description\":\"Durante las secuelas del Hurac\u00e1n Katrina se platic\u00f3 mucho sobre qui\u00e9nes eran los culpables y qui\u00e9nes los responsables de la limpieza en \u00faltima instancia.\",\"inLanguage\":\"en\",\"potentialAction\":[{\"@type\":\"ReadAction\",\"target\":[\"https:\\\/\\\/eltecolote.org\\\/content\\\/en\\\/cooperativa-anarquista-provee-ayuda-despues-de-huracan-katrina\\\/\"]}]},{\"@type\":\"ImageObject\",\"inLanguage\":\"en\",\"@id\":\"https:\\\/\\\/eltecolote.org\\\/content\\\/en\\\/cooperativa-anarquista-provee-ayuda-despues-de-huracan-katrina\\\/#primaryimage\",\"url\":\"http:\\\/\\\/eltecolote.org\\\/content\\\/wp-content\\\/uploads\\\/2012\\\/02\\\/Black-flags_01-320x480.png\",\"contentUrl\":\"http:\\\/\\\/eltecolote.org\\\/content\\\/wp-content\\\/uploads\\\/2012\\\/02\\\/Black-flags_01-320x480.png\"},{\"@type\":\"WebSite\",\"@id\":\"https:\\\/\\\/eltecolote.org\\\/content\\\/#website\",\"url\":\"https:\\\/\\\/eltecolote.org\\\/content\\\/\",\"name\":\"El Tecolote\",\"description\":\"San Francisco's Latinx newspaper since 1970\",\"publisher\":{\"@id\":\"https:\\\/\\\/eltecolote.org\\\/content\\\/#organization\"},\"potentialAction\":[{\"@type\":\"SearchAction\",\"target\":{\"@type\":\"EntryPoint\",\"urlTemplate\":\"https:\\\/\\\/eltecolote.org\\\/content\\\/?s={search_term_string}\"},\"query-input\":{\"@type\":\"PropertyValueSpecification\",\"valueRequired\":true,\"valueName\":\"search_term_string\"}}],\"inLanguage\":\"en\"},{\"@type\":\"Organization\",\"@id\":\"https:\\\/\\\/eltecolote.org\\\/content\\\/#organization\",\"name\":\"El Tecolote\",\"url\":\"https:\\\/\\\/eltecolote.org\\\/content\\\/\",\"logo\":{\"@type\":\"ImageObject\",\"inLanguage\":\"en\",\"@id\":\"https:\\\/\\\/eltecolote.org\\\/content\\\/#\\\/schema\\\/logo\\\/image\\\/\",\"url\":\"https:\\\/\\\/i0.wp.com\\\/eltecolote.org\\\/content\\\/wp-content\\\/uploads\\\/2021\\\/05\\\/ETlogo-1.jpg?fit=400%2C400&ssl=1\",\"contentUrl\":\"https:\\\/\\\/i0.wp.com\\\/eltecolote.org\\\/content\\\/wp-content\\\/uploads\\\/2021\\\/05\\\/ETlogo-1.jpg?fit=400%2C400&ssl=1\",\"width\":400,\"height\":400,\"caption\":\"El Tecolote\"},\"image\":{\"@id\":\"https:\\\/\\\/eltecolote.org\\\/content\\\/#\\\/schema\\\/logo\\\/image\\\/\"},\"sameAs\":[\"https:\\\/\\\/www.facebook.com\\\/ElTecoloteSF\\\/\",\"https:\\\/\\\/x.com\\\/eltecolotesf\",\"https:\\\/\\\/www.instagram.com\\\/eltecolotesf\\\/\"]},{\"@type\":\"Person\",\"@id\":\"https:\\\/\\\/eltecolote.org\\\/content\\\/#\\\/schema\\\/person\\\/08828d10185eba96895a8363a269410e\",\"name\":\"El Tecolote Staff\",\"image\":{\"@type\":\"ImageObject\",\"inLanguage\":\"en\",\"@id\":\"https:\\\/\\\/secure.gravatar.com\\\/avatar\\\/9534c92c8c908364e186a64d93efc86f62367109d1b07a3454facde655968589?s=96&d=mm&r=g6afcb607783e095e4cf6be807353924d\",\"url\":\"https:\\\/\\\/secure.gravatar.com\\\/avatar\\\/9534c92c8c908364e186a64d93efc86f62367109d1b07a3454facde655968589?s=96&d=mm&r=g\",\"contentUrl\":\"https:\\\/\\\/secure.gravatar.com\\\/avatar\\\/9534c92c8c908364e186a64d93efc86f62367109d1b07a3454facde655968589?s=96&d=mm&r=g\",\"caption\":\"El Tecolote Staff\"},\"url\":\"https:\\\/\\\/eltecolote.org\\\/content\\\/author\\\/web-editor\\\/\"}]}<\/script>\n<!-- \/ Yoast SEO plugin. -->","yoast_head_json":{"title":"Cooperativa anarquista provee ayuda despu\u00e9s de hurac\u00e1n Katrina - El Tecolote","description":"Durante las secuelas del Hurac\u00e1n Katrina se platic\u00f3 mucho sobre qui\u00e9nes eran los culpables y qui\u00e9nes los responsables de la limpieza en \u00faltima instancia.","robots":{"index":"index","follow":"follow","max-snippet":"max-snippet:-1","max-image-preview":"max-image-preview:large","max-video-preview":"max-video-preview:-1"},"canonical":"https:\/\/eltecolote.org\/content\/en\/cooperativa-anarquista-provee-ayuda-despues-de-huracan-katrina\/","og_locale":"en_US","og_type":"article","og_title":"Cooperativa anarquista provee ayuda despu\u00e9s de hurac\u00e1n Katrina - El Tecolote","og_description":"Durante las secuelas del Hurac\u00e1n Katrina se platic\u00f3 mucho sobre qui\u00e9nes eran los culpables y qui\u00e9nes los responsables de la limpieza en \u00faltima instancia.","og_url":"https:\/\/eltecolote.org\/content\/en\/cooperativa-anarquista-provee-ayuda-despues-de-huracan-katrina\/","og_site_name":"El Tecolote","article_publisher":"https:\/\/www.facebook.com\/ElTecoloteSF\/","article_published_time":"2012-02-24T01:06:37+00:00","article_modified_time":"2012-02-24T01:07:59+00:00","og_image":[{"url":"http:\/\/eltecolote.org\/content\/wp-content\/uploads\/2012\/02\/Black-flags_01-320x480.png","type":"","width":"","height":""}],"author":"El Tecolote Staff","twitter_card":"summary_large_image","twitter_creator":"@eltecolotesf","twitter_site":"@eltecolotesf","twitter_misc":{"Written by":"El Tecolote Staff","Est. reading time":"3 minutes"},"schema":{"@context":"https:\/\/schema.org","@graph":[{"@type":"NewsArticle","@id":"https:\/\/eltecolote.org\/content\/en\/cooperativa-anarquista-provee-ayuda-despues-de-huracan-katrina\/#article","isPartOf":{"@id":"https:\/\/eltecolote.org\/content\/en\/cooperativa-anarquista-provee-ayuda-despues-de-huracan-katrina\/"},"author":{"name":"El Tecolote Staff","@id":"https:\/\/eltecolote.org\/content\/#\/schema\/person\/08828d10185eba96895a8363a269410e"},"headline":"Cooperativa anarquista provee ayuda despu\u00e9s de hurac\u00e1n Katrina","datePublished":"2012-02-24T01:06:37+00:00","dateModified":"2012-02-24T01:07:59+00:00","mainEntityOfPage":{"@id":"https:\/\/eltecolote.org\/content\/en\/cooperativa-anarquista-provee-ayuda-despues-de-huracan-katrina\/"},"wordCount":699,"commentCount":0,"publisher":{"@id":"https:\/\/eltecolote.org\/content\/#organization"},"image":{"@id":"https:\/\/eltecolote.org\/content\/en\/cooperativa-anarquista-provee-ayuda-despues-de-huracan-katrina\/#primaryimage"},"thumbnailUrl":"http:\/\/eltecolote.org\/content\/wp-content\/uploads\/2012\/02\/Black-flags_01-320x480.png","keywords":["Black Flags and Windmills","book review","Common Ground Collective","Hurricane Katrina","New Orleans"],"articleSection":["News"],"inLanguage":"en","potentialAction":[{"@type":"CommentAction","name":"Comment","target":["https:\/\/eltecolote.org\/content\/en\/cooperativa-anarquista-provee-ayuda-despues-de-huracan-katrina\/#respond"]}]},{"@type":"WebPage","@id":"https:\/\/eltecolote.org\/content\/en\/cooperativa-anarquista-provee-ayuda-despues-de-huracan-katrina\/","url":"https:\/\/eltecolote.org\/content\/en\/cooperativa-anarquista-provee-ayuda-despues-de-huracan-katrina\/","name":"Cooperativa anarquista provee ayuda despu\u00e9s de hurac\u00e1n Katrina - El Tecolote","isPartOf":{"@id":"https:\/\/eltecolote.org\/content\/#website"},"primaryImageOfPage":{"@id":"https:\/\/eltecolote.org\/content\/en\/cooperativa-anarquista-provee-ayuda-despues-de-huracan-katrina\/#primaryimage"},"image":{"@id":"https:\/\/eltecolote.org\/content\/en\/cooperativa-anarquista-provee-ayuda-despues-de-huracan-katrina\/#primaryimage"},"thumbnailUrl":"http:\/\/eltecolote.org\/content\/wp-content\/uploads\/2012\/02\/Black-flags_01-320x480.png","datePublished":"2012-02-24T01:06:37+00:00","dateModified":"2012-02-24T01:07:59+00:00","description":"Durante las secuelas del Hurac\u00e1n Katrina se platic\u00f3 mucho sobre qui\u00e9nes eran los culpables y qui\u00e9nes los responsables de la limpieza en \u00faltima instancia.","inLanguage":"en","potentialAction":[{"@type":"ReadAction","target":["https:\/\/eltecolote.org\/content\/en\/cooperativa-anarquista-provee-ayuda-despues-de-huracan-katrina\/"]}]},{"@type":"ImageObject","inLanguage":"en","@id":"https:\/\/eltecolote.org\/content\/en\/cooperativa-anarquista-provee-ayuda-despues-de-huracan-katrina\/#primaryimage","url":"http:\/\/eltecolote.org\/content\/wp-content\/uploads\/2012\/02\/Black-flags_01-320x480.png","contentUrl":"http:\/\/eltecolote.org\/content\/wp-content\/uploads\/2012\/02\/Black-flags_01-320x480.png"},{"@type":"WebSite","@id":"https:\/\/eltecolote.org\/content\/#website","url":"https:\/\/eltecolote.org\/content\/","name":"El Tecolote","description":"San Francisco's Latinx newspaper since 1970","publisher":{"@id":"https:\/\/eltecolote.org\/content\/#organization"},"potentialAction":[{"@type":"SearchAction","target":{"@type":"EntryPoint","urlTemplate":"https:\/\/eltecolote.org\/content\/?s={search_term_string}"},"query-input":{"@type":"PropertyValueSpecification","valueRequired":true,"valueName":"search_term_string"}}],"inLanguage":"en"},{"@type":"Organization","@id":"https:\/\/eltecolote.org\/content\/#organization","name":"El Tecolote","url":"https:\/\/eltecolote.org\/content\/","logo":{"@type":"ImageObject","inLanguage":"en","@id":"https:\/\/eltecolote.org\/content\/#\/schema\/logo\/image\/","url":"https:\/\/i0.wp.com\/eltecolote.org\/content\/wp-content\/uploads\/2021\/05\/ETlogo-1.jpg?fit=400%2C400&ssl=1","contentUrl":"https:\/\/i0.wp.com\/eltecolote.org\/content\/wp-content\/uploads\/2021\/05\/ETlogo-1.jpg?fit=400%2C400&ssl=1","width":400,"height":400,"caption":"El Tecolote"},"image":{"@id":"https:\/\/eltecolote.org\/content\/#\/schema\/logo\/image\/"},"sameAs":["https:\/\/www.facebook.com\/ElTecoloteSF\/","https:\/\/x.com\/eltecolotesf","https:\/\/www.instagram.com\/eltecolotesf\/"]},{"@type":"Person","@id":"https:\/\/eltecolote.org\/content\/#\/schema\/person\/08828d10185eba96895a8363a269410e","name":"El Tecolote Staff","image":{"@type":"ImageObject","inLanguage":"en","@id":"https:\/\/secure.gravatar.com\/avatar\/9534c92c8c908364e186a64d93efc86f62367109d1b07a3454facde655968589?s=96&d=mm&r=g6afcb607783e095e4cf6be807353924d","url":"https:\/\/secure.gravatar.com\/avatar\/9534c92c8c908364e186a64d93efc86f62367109d1b07a3454facde655968589?s=96&d=mm&r=g","contentUrl":"https:\/\/secure.gravatar.com\/avatar\/9534c92c8c908364e186a64d93efc86f62367109d1b07a3454facde655968589?s=96&d=mm&r=g","caption":"El Tecolote Staff"},"url":"https:\/\/eltecolote.org\/content\/author\/web-editor\/"}]}},"distributor_meta":false,"distributor_terms":false,"distributor_media":false,"distributor_original_site_name":"El Tecolote","distributor_original_site_url":"https:\/\/eltecolote.org\/content","push-errors":false,"_links":{"self":[{"href":"https:\/\/eltecolote.org\/content\/wp-json\/wp\/v2\/posts\/13370","targetHints":{"allow":["GET"]}}],"collection":[{"href":"https:\/\/eltecolote.org\/content\/wp-json\/wp\/v2\/posts"}],"about":[{"href":"https:\/\/eltecolote.org\/content\/wp-json\/wp\/v2\/types\/post"}],"author":[{"embeddable":true,"href":"https:\/\/eltecolote.org\/content\/wp-json\/wp\/v2\/users\/35"}],"replies":[{"embeddable":true,"href":"https:\/\/eltecolote.org\/content\/wp-json\/wp\/v2\/comments?post=13370"}],"version-history":[{"count":7,"href":"https:\/\/eltecolote.org\/content\/wp-json\/wp\/v2\/posts\/13370\/revisions"}],"predecessor-version":[{"id":13394,"href":"https:\/\/eltecolote.org\/content\/wp-json\/wp\/v2\/posts\/13370\/revisions\/13394"}],"wp:attachment":[{"href":"https:\/\/eltecolote.org\/content\/wp-json\/wp\/v2\/media?parent=13370"}],"wp:term":[{"taxonomy":"category","embeddable":true,"href":"https:\/\/eltecolote.org\/content\/wp-json\/wp\/v2\/categories?post=13370"},{"taxonomy":"post_tag","embeddable":true,"href":"https:\/\/eltecolote.org\/content\/wp-json\/wp\/v2\/tags?post=13370"},{"taxonomy":"author","embeddable":true,"href":"https:\/\/eltecolote.org\/content\/wp-json\/wp\/v2\/coauthors?post=13370"}],"curies":[{"name":"wp","href":"https:\/\/api.w.org\/{rel}","templated":true}]}}