{"id":13038,"date":"2012-02-07T22:17:32","date_gmt":"2012-02-08T05:17:32","guid":{"rendered":"http:\/\/eltecolote.org\/content\/?p=13038"},"modified":"2012-02-07T22:18:35","modified_gmt":"2012-02-08T05:18:35","slug":"estudio-dice-que-latinos-enfatizan-importancia-del-ambiente-a-la-economia","status":"publish","type":"post","link":"https:\/\/eltecolote.org\/content\/en\/estudio-dice-que-latinos-enfatizan-importancia-del-ambiente-a-la-economia\/","title":{"rendered":"Estudio dice que latinos enfatizan importancia del ambiente a la econom\u00eda"},"content":{"rendered":"<figure id=\"attachment_13043\" aria-describedby=\"caption-attachment-13043\" style=\"width: 700px\" class=\"wp-caption alignnone\"><a href=\"https:\/\/eltecolote.org\/content\/?attachment_id=13043\" rel=\"attachment wp-att-13043\"><img data-recalc-dims=\"1\" loading=\"lazy\" decoding=\"async\" class=\"size-full wp-image-13043\" title=\"Latinos-Environment_02\" src=\"https:\/\/i0.wp.com\/eltecolote.org\/content\/wp-content\/uploads\/2012\/02\/Latinos-Environment_02.png?resize=700%2C525&#038;quality=80&#038;ssl=1\" alt=\"\" width=\"700\" height=\"525\" srcset=\"https:\/\/i0.wp.com\/eltecolote.org\/content\/wp-content\/uploads\/2012\/02\/Latinos-Environment_02.png?w=700&amp;quality=80&amp;ssl=1 700w, https:\/\/i0.wp.com\/eltecolote.org\/content\/wp-content\/uploads\/2012\/02\/Latinos-Environment_02.png?resize=600%2C450&amp;quality=80&amp;ssl=1 600w, https:\/\/i0.wp.com\/eltecolote.org\/content\/wp-content\/uploads\/2012\/02\/Latinos-Environment_02.png?resize=333%2C250&amp;quality=80&amp;ssl=1 333w\" sizes=\"auto, (max-width: 700px) 100vw, 700px\" \/><\/a><figcaption id=\"caption-attachment-13043\" class=\"wp-caption-text\">Una ni\u00f1a aprende sobre la vida salvaje. Photo Courtesy Stephen F. Austin State University College of Forestry and Agriculture<\/figcaption><\/figure>\n<p>Una nueva encuesta revela que los votantes latinos en seis estados del oeste interior tienen fuertes opiniones a favor de la conservaci\u00f3n, en algunos casos, m\u00e1s fuertes que sus hom\u00f3logos blancos.<\/p>\n<p>La encuesta sobre el Estado de la Conservaci\u00f3n del Occidente de las Monta\u00f1as Rocosas del Colorado College de 2012 encontr\u00f3 que los votantes latinos en la regi\u00f3n casi por unanimidad\u201494 por ciento\u2014opinan que los parques nacionales, bosques, monumentos y \u00e1reas de vida silvestre son una parte esencial de la econom\u00eda de su estado.<\/p>\n<p>La encuesta bipartidista, dada a conocer hoy, encuest\u00f3 a 2.400 votantes de Arizona, Colorado, Montana, Nuevo M\u00e9xico, Utah y Wyoming, y fue realizada por Lori Weigel de Public Opinion Strategies y Dave Metz de Fairbank, Maslin, Maullin, Metz &amp; Associates. La encuesta fue financiada por la Fundaci\u00f3n Hewlett.<\/p>\n<p>El encuestador David Metz dijo que la encuesta disipa la idea de que las comunidades \u00e9tnicas, especialmente afectadas por la crisis econ\u00f3mica, est\u00e1n \u201cm\u00e1s dispuestos que otros a dejar al medio ambiente en un segundo plano a la econom\u00eda\u201d.<\/p>\n<p>De los 336 votantes latinos encuestados, el 87 por ciento dijeron que creen que es posible proteger la tierra y el agua y tener una econom\u00eda fuerte con buenos puestos de trabajo al mismo tiempo, en comparaci\u00f3n con el 78 por ciento de la poblaci\u00f3n en general.<\/p>\n<p>La encuesta tambi\u00e9n muestra que los votantes latinos en la regi\u00f3n quieren m\u00e1s \u201cinversi\u00f3n p\u00fablica\u201d en los esfuerzos de conservaci\u00f3n, dijo Metz.<\/p>\n<p>\u201cUna gran mayor\u00eda de los latinos, incluso frente a los problemas del presupuesto estatal, [quieren que el estado] invierta en la tierra, el agua y los parques estatales\u201d, dijo.<\/p>\n<p>\u201cLos latinos creen que esos recursos hacen importantes contribuciones a la econom\u00eda del estado\u201d.<\/p>\n<p>En general, los votantes latinos estaban m\u00e1s preocupados sobre los recortes a la financiaci\u00f3n de los parques estatales y las protecciones del medio ambiente.<\/p>\n<p>Maite Arce, Directora Ejecutiva de la Fundaci\u00f3n Hispana de Acceso con sede en Washington, DC, dijo que no estaba sorprendida por las fuertes opiniones a favor de las conservaci\u00f3n de los votantes latinos, y dice que est\u00e1 de acuerdo con sus valores culturales.<\/p>\n<p>\u201cPara los latinos, la familia es realmente importante, la salud es realmente importante\u201d, dijo. \u201cHay una fuerte conexi\u00f3n en nuestro patrimonio cultural a la naturaleza, la vida silvestre, la tierra, el aire. Creo que la experiencia de los abuelos y abuelas en los pa\u00edses de origen &#8230; est\u00e1n sin duda todav\u00eda arraigados en lo que somos. [Es] la conexi\u00f3n con la tierra\u201d.<\/p>\n<p>Los votantes latinos tambi\u00e9n expresaron una profunda preocupaci\u00f3n por la contaminaci\u00f3n del aire y del agua, incluyendo el impacto de la extracci\u00f3n de petr\u00f3leo y gas en el medio ambiente, en comparaci\u00f3n con el p\u00fablico en general. Los sentimientos ayudan a explicar los altos niveles de apoyo entre los latinos de la protecci\u00f3n federal del aire limpio y el agua, y el desarrollo de las energ\u00edas renovables.<\/p>\n<p>Todos los encuestados mostraron un fuerte apoyo para las protecciones del aire limpio bajo la Agencia de Protecci\u00f3n Ambiental de los Estados Unidos, pero el apoyo entre los votantes latinos fue a\u00fan m\u00e1s fuerte (81 por ciento frente al 70 por ciento del p\u00fablico en general).<\/p>\n<p>El ochenta por ciento de los votantes latinos desean que Estados Unidos deje de depender de carb\u00f3n, petr\u00f3leo y gas, y que ampl\u00ede el uso de energ\u00edas renovables como la solar y e\u00f3lica, en comparaci\u00f3n con el 65 por ciento de la poblaci\u00f3n en general.<\/p>\n<p>La encuesta tambi\u00e9n encontr\u00f3 que los votantes latinos son m\u00e1s propensos que otros entrevistados a ver la energ\u00eda renovable como fuente de creaci\u00f3n de puestos de trabajo. Setenta y ocho por ciento de los votantes latinos est\u00e1n de acuerdo en que las energ\u00edas renovables como la solar y la e\u00f3lica van a crear nuevos puestos de trabajo en su estado, comparado con el 68 por ciento del p\u00fablico en general.<\/p>\n<p>\u201cCuatro de cada cinco [votantes latinos] ven la potencial de la creaci\u00f3n de empleos de la energ\u00eda renovable\u201d, dijo el encuestador David Metz, durante una conferencia telef\u00f3nica con los medios de comunicaci\u00f3n el lunes.<\/p>\n<p>Los votantes latinos en la encuesta tambi\u00e9n tienden a ser m\u00e1s j\u00f3venes que otros encuestados, lo que sugiere una creciente influencia pol\u00edtica en la regi\u00f3n, dijo Metz.<\/p>\n<p>\u201cLa poblaci\u00f3n latina en su conjunto es mayoritariamente joven\u201d, dijo Metz. \u201c[Y] los votantes registrados, es una poblaci\u00f3n m\u00e1s joven. Es indicativo de donde se dirige la regi\u00f3n. Este es un segmento creciente del electorado\u201d.<\/p>\n","protected":false},"excerpt":{"rendered":"<p>Una nueva encuesta revela que los votantes latinos en seis estados del oeste interior tienen fuertes opiniones a favor de la conservaci\u00f3n, en algunos casos, m\u00e1s fuertes que sus hom\u00f3logos blancos.<\/p>\n","protected":false},"author":35,"featured_media":0,"comment_status":"open","ping_status":"closed","sticky":false,"template":"","format":"standard","meta":{"newspack_popups_has_disabled_popups":false,"newspack_featured_image_position":"","newspack_post_subtitle":"","newspack_article_summary_title":"Overview:","newspack_article_summary":"","newspack_hide_updated_date":false,"newspack_show_updated_date":false,"footnotes":""},"categories":[7],"tags":[1500,1501],"coauthors":[],"class_list":["post-13038","post","type-post","status-publish","format-standard","hentry","category-news","tag-hewlett-foundation","tag-hispanic-access-foundation","entry"],"yoast_head":"<!-- This site is optimized with the Yoast SEO plugin v27.5 - https:\/\/yoast.com\/product\/yoast-seo-wordpress\/ -->\n<title>Estudio dice que latinos enfatizan importancia del ambiente a la econom\u00eda - El Tecolote<\/title>\n<meta name=\"description\" content=\"Una nueva encuesta revela que los votantes latinos en seis estados del oeste interior tienen fuertes opiniones a favor de la conservaci\u00f3n, en algunos casos, m\u00e1s fuertes que sus hom\u00f3logos blancos.\" \/>\n<meta name=\"robots\" content=\"index, follow, max-snippet:-1, max-image-preview:large, max-video-preview:-1\" \/>\n<link rel=\"canonical\" href=\"https:\/\/eltecolote.org\/content\/en\/estudio-dice-que-latinos-enfatizan-importancia-del-ambiente-a-la-economia\/\" \/>\n<meta property=\"og:locale\" content=\"en_US\" \/>\n<meta property=\"og:type\" content=\"article\" \/>\n<meta property=\"og:title\" content=\"Estudio dice que latinos enfatizan importancia del ambiente a la econom\u00eda - El Tecolote\" \/>\n<meta property=\"og:description\" content=\"Una nueva encuesta revela que los votantes latinos en seis estados del oeste interior tienen fuertes opiniones a favor de la conservaci\u00f3n, en algunos casos, m\u00e1s fuertes que sus hom\u00f3logos blancos.\" \/>\n<meta property=\"og:url\" content=\"https:\/\/eltecolote.org\/content\/en\/estudio-dice-que-latinos-enfatizan-importancia-del-ambiente-a-la-economia\/\" \/>\n<meta property=\"og:site_name\" content=\"El Tecolote\" \/>\n<meta property=\"article:publisher\" content=\"https:\/\/www.facebook.com\/ElTecoloteSF\/\" \/>\n<meta property=\"article:published_time\" content=\"2012-02-08T05:17:32+00:00\" \/>\n<meta property=\"article:modified_time\" content=\"2012-02-08T05:18:35+00:00\" \/>\n<meta property=\"og:image\" content=\"http:\/\/eltecolote.org\/content\/wp-content\/uploads\/2012\/02\/Latinos-Environment_02.png\" \/>\n<meta name=\"author\" content=\"El Tecolote Staff\" \/>\n<meta name=\"twitter:card\" content=\"summary_large_image\" \/>\n<meta name=\"twitter:creator\" content=\"@eltecolotesf\" \/>\n<meta name=\"twitter:site\" content=\"@eltecolotesf\" \/>\n<meta name=\"twitter:label1\" content=\"Written by\" \/>\n\t<meta name=\"twitter:data1\" content=\"El Tecolote Staff\" \/>\n\t<meta name=\"twitter:label2\" content=\"Est. reading time\" \/>\n\t<meta name=\"twitter:data2\" content=\"4 minutes\" \/>\n<script type=\"application\/ld+json\" class=\"yoast-schema-graph\">{\"@context\":\"https:\\\/\\\/schema.org\",\"@graph\":[{\"@type\":\"NewsArticle\",\"@id\":\"https:\\\/\\\/eltecolote.org\\\/content\\\/en\\\/estudio-dice-que-latinos-enfatizan-importancia-del-ambiente-a-la-economia\\\/#article\",\"isPartOf\":{\"@id\":\"https:\\\/\\\/eltecolote.org\\\/content\\\/en\\\/estudio-dice-que-latinos-enfatizan-importancia-del-ambiente-a-la-economia\\\/\"},\"author\":{\"name\":\"El Tecolote Staff\",\"@id\":\"https:\\\/\\\/eltecolote.org\\\/content\\\/#\\\/schema\\\/person\\\/08828d10185eba96895a8363a269410e\"},\"headline\":\"Estudio dice que latinos enfatizan importancia del ambiente a la econom\u00eda\",\"datePublished\":\"2012-02-08T05:17:32+00:00\",\"dateModified\":\"2012-02-08T05:18:35+00:00\",\"mainEntityOfPage\":{\"@id\":\"https:\\\/\\\/eltecolote.org\\\/content\\\/en\\\/estudio-dice-que-latinos-enfatizan-importancia-del-ambiente-a-la-economia\\\/\"},\"wordCount\":841,\"commentCount\":0,\"publisher\":{\"@id\":\"https:\\\/\\\/eltecolote.org\\\/content\\\/#organization\"},\"image\":{\"@id\":\"https:\\\/\\\/eltecolote.org\\\/content\\\/en\\\/estudio-dice-que-latinos-enfatizan-importancia-del-ambiente-a-la-economia\\\/#primaryimage\"},\"thumbnailUrl\":\"http:\\\/\\\/eltecolote.org\\\/content\\\/wp-content\\\/uploads\\\/2012\\\/02\\\/Latinos-Environment_02.png\",\"keywords\":[\"Hewlett Foundation\",\"Hispanic Access Foundation\"],\"articleSection\":[\"News\"],\"inLanguage\":\"en\",\"potentialAction\":[{\"@type\":\"CommentAction\",\"name\":\"Comment\",\"target\":[\"https:\\\/\\\/eltecolote.org\\\/content\\\/en\\\/estudio-dice-que-latinos-enfatizan-importancia-del-ambiente-a-la-economia\\\/#respond\"]}]},{\"@type\":\"WebPage\",\"@id\":\"https:\\\/\\\/eltecolote.org\\\/content\\\/en\\\/estudio-dice-que-latinos-enfatizan-importancia-del-ambiente-a-la-economia\\\/\",\"url\":\"https:\\\/\\\/eltecolote.org\\\/content\\\/en\\\/estudio-dice-que-latinos-enfatizan-importancia-del-ambiente-a-la-economia\\\/\",\"name\":\"Estudio dice que latinos enfatizan importancia del ambiente a la econom\u00eda - El Tecolote\",\"isPartOf\":{\"@id\":\"https:\\\/\\\/eltecolote.org\\\/content\\\/#website\"},\"primaryImageOfPage\":{\"@id\":\"https:\\\/\\\/eltecolote.org\\\/content\\\/en\\\/estudio-dice-que-latinos-enfatizan-importancia-del-ambiente-a-la-economia\\\/#primaryimage\"},\"image\":{\"@id\":\"https:\\\/\\\/eltecolote.org\\\/content\\\/en\\\/estudio-dice-que-latinos-enfatizan-importancia-del-ambiente-a-la-economia\\\/#primaryimage\"},\"thumbnailUrl\":\"http:\\\/\\\/eltecolote.org\\\/content\\\/wp-content\\\/uploads\\\/2012\\\/02\\\/Latinos-Environment_02.png\",\"datePublished\":\"2012-02-08T05:17:32+00:00\",\"dateModified\":\"2012-02-08T05:18:35+00:00\",\"description\":\"Una nueva encuesta revela que los votantes latinos en seis estados del oeste interior tienen fuertes opiniones a favor de la conservaci\u00f3n, en algunos casos, m\u00e1s fuertes que sus hom\u00f3logos blancos.\",\"inLanguage\":\"en\",\"potentialAction\":[{\"@type\":\"ReadAction\",\"target\":[\"https:\\\/\\\/eltecolote.org\\\/content\\\/en\\\/estudio-dice-que-latinos-enfatizan-importancia-del-ambiente-a-la-economia\\\/\"]}]},{\"@type\":\"ImageObject\",\"inLanguage\":\"en\",\"@id\":\"https:\\\/\\\/eltecolote.org\\\/content\\\/en\\\/estudio-dice-que-latinos-enfatizan-importancia-del-ambiente-a-la-economia\\\/#primaryimage\",\"url\":\"http:\\\/\\\/eltecolote.org\\\/content\\\/wp-content\\\/uploads\\\/2012\\\/02\\\/Latinos-Environment_02.png\",\"contentUrl\":\"http:\\\/\\\/eltecolote.org\\\/content\\\/wp-content\\\/uploads\\\/2012\\\/02\\\/Latinos-Environment_02.png\"},{\"@type\":\"WebSite\",\"@id\":\"https:\\\/\\\/eltecolote.org\\\/content\\\/#website\",\"url\":\"https:\\\/\\\/eltecolote.org\\\/content\\\/\",\"name\":\"El Tecolote\",\"description\":\"San Francisco's Latinx newspaper since 1970\",\"publisher\":{\"@id\":\"https:\\\/\\\/eltecolote.org\\\/content\\\/#organization\"},\"potentialAction\":[{\"@type\":\"SearchAction\",\"target\":{\"@type\":\"EntryPoint\",\"urlTemplate\":\"https:\\\/\\\/eltecolote.org\\\/content\\\/?s={search_term_string}\"},\"query-input\":{\"@type\":\"PropertyValueSpecification\",\"valueRequired\":true,\"valueName\":\"search_term_string\"}}],\"inLanguage\":\"en\"},{\"@type\":\"Organization\",\"@id\":\"https:\\\/\\\/eltecolote.org\\\/content\\\/#organization\",\"name\":\"El Tecolote\",\"url\":\"https:\\\/\\\/eltecolote.org\\\/content\\\/\",\"logo\":{\"@type\":\"ImageObject\",\"inLanguage\":\"en\",\"@id\":\"https:\\\/\\\/eltecolote.org\\\/content\\\/#\\\/schema\\\/logo\\\/image\\\/\",\"url\":\"https:\\\/\\\/i0.wp.com\\\/eltecolote.org\\\/content\\\/wp-content\\\/uploads\\\/2021\\\/05\\\/ETlogo-1.jpg?fit=400%2C400&ssl=1\",\"contentUrl\":\"https:\\\/\\\/i0.wp.com\\\/eltecolote.org\\\/content\\\/wp-content\\\/uploads\\\/2021\\\/05\\\/ETlogo-1.jpg?fit=400%2C400&ssl=1\",\"width\":400,\"height\":400,\"caption\":\"El Tecolote\"},\"image\":{\"@id\":\"https:\\\/\\\/eltecolote.org\\\/content\\\/#\\\/schema\\\/logo\\\/image\\\/\"},\"sameAs\":[\"https:\\\/\\\/www.facebook.com\\\/ElTecoloteSF\\\/\",\"https:\\\/\\\/x.com\\\/eltecolotesf\",\"https:\\\/\\\/www.instagram.com\\\/eltecolotesf\\\/\"]},{\"@type\":\"Person\",\"@id\":\"https:\\\/\\\/eltecolote.org\\\/content\\\/#\\\/schema\\\/person\\\/08828d10185eba96895a8363a269410e\",\"name\":\"El Tecolote Staff\",\"image\":{\"@type\":\"ImageObject\",\"inLanguage\":\"en\",\"@id\":\"https:\\\/\\\/secure.gravatar.com\\\/avatar\\\/9534c92c8c908364e186a64d93efc86f62367109d1b07a3454facde655968589?s=96&d=mm&r=g6afcb607783e095e4cf6be807353924d\",\"url\":\"https:\\\/\\\/secure.gravatar.com\\\/avatar\\\/9534c92c8c908364e186a64d93efc86f62367109d1b07a3454facde655968589?s=96&d=mm&r=g\",\"contentUrl\":\"https:\\\/\\\/secure.gravatar.com\\\/avatar\\\/9534c92c8c908364e186a64d93efc86f62367109d1b07a3454facde655968589?s=96&d=mm&r=g\",\"caption\":\"El Tecolote Staff\"},\"url\":\"https:\\\/\\\/eltecolote.org\\\/content\\\/author\\\/web-editor\\\/\"}]}<\/script>\n<!-- \/ Yoast SEO plugin. -->","yoast_head_json":{"title":"Estudio dice que latinos enfatizan importancia del ambiente a la econom\u00eda - El Tecolote","description":"Una nueva encuesta revela que los votantes latinos en seis estados del oeste interior tienen fuertes opiniones a favor de la conservaci\u00f3n, en algunos casos, m\u00e1s fuertes que sus hom\u00f3logos blancos.","robots":{"index":"index","follow":"follow","max-snippet":"max-snippet:-1","max-image-preview":"max-image-preview:large","max-video-preview":"max-video-preview:-1"},"canonical":"https:\/\/eltecolote.org\/content\/en\/estudio-dice-que-latinos-enfatizan-importancia-del-ambiente-a-la-economia\/","og_locale":"en_US","og_type":"article","og_title":"Estudio dice que latinos enfatizan importancia del ambiente a la econom\u00eda - El Tecolote","og_description":"Una nueva encuesta revela que los votantes latinos en seis estados del oeste interior tienen fuertes opiniones a favor de la conservaci\u00f3n, en algunos casos, m\u00e1s fuertes que sus hom\u00f3logos blancos.","og_url":"https:\/\/eltecolote.org\/content\/en\/estudio-dice-que-latinos-enfatizan-importancia-del-ambiente-a-la-economia\/","og_site_name":"El Tecolote","article_publisher":"https:\/\/www.facebook.com\/ElTecoloteSF\/","article_published_time":"2012-02-08T05:17:32+00:00","article_modified_time":"2012-02-08T05:18:35+00:00","og_image":[{"url":"http:\/\/eltecolote.org\/content\/wp-content\/uploads\/2012\/02\/Latinos-Environment_02.png","type":"","width":"","height":""}],"author":"El Tecolote Staff","twitter_card":"summary_large_image","twitter_creator":"@eltecolotesf","twitter_site":"@eltecolotesf","twitter_misc":{"Written by":"El Tecolote Staff","Est. reading time":"4 minutes"},"schema":{"@context":"https:\/\/schema.org","@graph":[{"@type":"NewsArticle","@id":"https:\/\/eltecolote.org\/content\/en\/estudio-dice-que-latinos-enfatizan-importancia-del-ambiente-a-la-economia\/#article","isPartOf":{"@id":"https:\/\/eltecolote.org\/content\/en\/estudio-dice-que-latinos-enfatizan-importancia-del-ambiente-a-la-economia\/"},"author":{"name":"El Tecolote Staff","@id":"https:\/\/eltecolote.org\/content\/#\/schema\/person\/08828d10185eba96895a8363a269410e"},"headline":"Estudio dice que latinos enfatizan importancia del ambiente a la econom\u00eda","datePublished":"2012-02-08T05:17:32+00:00","dateModified":"2012-02-08T05:18:35+00:00","mainEntityOfPage":{"@id":"https:\/\/eltecolote.org\/content\/en\/estudio-dice-que-latinos-enfatizan-importancia-del-ambiente-a-la-economia\/"},"wordCount":841,"commentCount":0,"publisher":{"@id":"https:\/\/eltecolote.org\/content\/#organization"},"image":{"@id":"https:\/\/eltecolote.org\/content\/en\/estudio-dice-que-latinos-enfatizan-importancia-del-ambiente-a-la-economia\/#primaryimage"},"thumbnailUrl":"http:\/\/eltecolote.org\/content\/wp-content\/uploads\/2012\/02\/Latinos-Environment_02.png","keywords":["Hewlett Foundation","Hispanic Access Foundation"],"articleSection":["News"],"inLanguage":"en","potentialAction":[{"@type":"CommentAction","name":"Comment","target":["https:\/\/eltecolote.org\/content\/en\/estudio-dice-que-latinos-enfatizan-importancia-del-ambiente-a-la-economia\/#respond"]}]},{"@type":"WebPage","@id":"https:\/\/eltecolote.org\/content\/en\/estudio-dice-que-latinos-enfatizan-importancia-del-ambiente-a-la-economia\/","url":"https:\/\/eltecolote.org\/content\/en\/estudio-dice-que-latinos-enfatizan-importancia-del-ambiente-a-la-economia\/","name":"Estudio dice que latinos enfatizan importancia del ambiente a la econom\u00eda - El Tecolote","isPartOf":{"@id":"https:\/\/eltecolote.org\/content\/#website"},"primaryImageOfPage":{"@id":"https:\/\/eltecolote.org\/content\/en\/estudio-dice-que-latinos-enfatizan-importancia-del-ambiente-a-la-economia\/#primaryimage"},"image":{"@id":"https:\/\/eltecolote.org\/content\/en\/estudio-dice-que-latinos-enfatizan-importancia-del-ambiente-a-la-economia\/#primaryimage"},"thumbnailUrl":"http:\/\/eltecolote.org\/content\/wp-content\/uploads\/2012\/02\/Latinos-Environment_02.png","datePublished":"2012-02-08T05:17:32+00:00","dateModified":"2012-02-08T05:18:35+00:00","description":"Una nueva encuesta revela que los votantes latinos en seis estados del oeste interior tienen fuertes opiniones a favor de la conservaci\u00f3n, en algunos casos, m\u00e1s fuertes que sus hom\u00f3logos blancos.","inLanguage":"en","potentialAction":[{"@type":"ReadAction","target":["https:\/\/eltecolote.org\/content\/en\/estudio-dice-que-latinos-enfatizan-importancia-del-ambiente-a-la-economia\/"]}]},{"@type":"ImageObject","inLanguage":"en","@id":"https:\/\/eltecolote.org\/content\/en\/estudio-dice-que-latinos-enfatizan-importancia-del-ambiente-a-la-economia\/#primaryimage","url":"http:\/\/eltecolote.org\/content\/wp-content\/uploads\/2012\/02\/Latinos-Environment_02.png","contentUrl":"http:\/\/eltecolote.org\/content\/wp-content\/uploads\/2012\/02\/Latinos-Environment_02.png"},{"@type":"WebSite","@id":"https:\/\/eltecolote.org\/content\/#website","url":"https:\/\/eltecolote.org\/content\/","name":"El Tecolote","description":"San Francisco's Latinx newspaper since 1970","publisher":{"@id":"https:\/\/eltecolote.org\/content\/#organization"},"potentialAction":[{"@type":"SearchAction","target":{"@type":"EntryPoint","urlTemplate":"https:\/\/eltecolote.org\/content\/?s={search_term_string}"},"query-input":{"@type":"PropertyValueSpecification","valueRequired":true,"valueName":"search_term_string"}}],"inLanguage":"en"},{"@type":"Organization","@id":"https:\/\/eltecolote.org\/content\/#organization","name":"El Tecolote","url":"https:\/\/eltecolote.org\/content\/","logo":{"@type":"ImageObject","inLanguage":"en","@id":"https:\/\/eltecolote.org\/content\/#\/schema\/logo\/image\/","url":"https:\/\/i0.wp.com\/eltecolote.org\/content\/wp-content\/uploads\/2021\/05\/ETlogo-1.jpg?fit=400%2C400&ssl=1","contentUrl":"https:\/\/i0.wp.com\/eltecolote.org\/content\/wp-content\/uploads\/2021\/05\/ETlogo-1.jpg?fit=400%2C400&ssl=1","width":400,"height":400,"caption":"El Tecolote"},"image":{"@id":"https:\/\/eltecolote.org\/content\/#\/schema\/logo\/image\/"},"sameAs":["https:\/\/www.facebook.com\/ElTecoloteSF\/","https:\/\/x.com\/eltecolotesf","https:\/\/www.instagram.com\/eltecolotesf\/"]},{"@type":"Person","@id":"https:\/\/eltecolote.org\/content\/#\/schema\/person\/08828d10185eba96895a8363a269410e","name":"El Tecolote Staff","image":{"@type":"ImageObject","inLanguage":"en","@id":"https:\/\/secure.gravatar.com\/avatar\/9534c92c8c908364e186a64d93efc86f62367109d1b07a3454facde655968589?s=96&d=mm&r=g6afcb607783e095e4cf6be807353924d","url":"https:\/\/secure.gravatar.com\/avatar\/9534c92c8c908364e186a64d93efc86f62367109d1b07a3454facde655968589?s=96&d=mm&r=g","contentUrl":"https:\/\/secure.gravatar.com\/avatar\/9534c92c8c908364e186a64d93efc86f62367109d1b07a3454facde655968589?s=96&d=mm&r=g","caption":"El Tecolote Staff"},"url":"https:\/\/eltecolote.org\/content\/author\/web-editor\/"}]}},"distributor_meta":false,"distributor_terms":false,"distributor_media":false,"distributor_original_site_name":"El Tecolote","distributor_original_site_url":"https:\/\/eltecolote.org\/content","push-errors":false,"_links":{"self":[{"href":"https:\/\/eltecolote.org\/content\/wp-json\/wp\/v2\/posts\/13038","targetHints":{"allow":["GET"]}}],"collection":[{"href":"https:\/\/eltecolote.org\/content\/wp-json\/wp\/v2\/posts"}],"about":[{"href":"https:\/\/eltecolote.org\/content\/wp-json\/wp\/v2\/types\/post"}],"author":[{"embeddable":true,"href":"https:\/\/eltecolote.org\/content\/wp-json\/wp\/v2\/users\/35"}],"replies":[{"embeddable":true,"href":"https:\/\/eltecolote.org\/content\/wp-json\/wp\/v2\/comments?post=13038"}],"version-history":[{"count":10,"href":"https:\/\/eltecolote.org\/content\/wp-json\/wp\/v2\/posts\/13038\/revisions"}],"predecessor-version":[{"id":13055,"href":"https:\/\/eltecolote.org\/content\/wp-json\/wp\/v2\/posts\/13038\/revisions\/13055"}],"wp:attachment":[{"href":"https:\/\/eltecolote.org\/content\/wp-json\/wp\/v2\/media?parent=13038"}],"wp:term":[{"taxonomy":"category","embeddable":true,"href":"https:\/\/eltecolote.org\/content\/wp-json\/wp\/v2\/categories?post=13038"},{"taxonomy":"post_tag","embeddable":true,"href":"https:\/\/eltecolote.org\/content\/wp-json\/wp\/v2\/tags?post=13038"},{"taxonomy":"author","embeddable":true,"href":"https:\/\/eltecolote.org\/content\/wp-json\/wp\/v2\/coauthors?post=13038"}],"curies":[{"name":"wp","href":"https:\/\/api.w.org\/{rel}","templated":true}]}}