{"id":13012,"date":"2012-02-07T22:07:04","date_gmt":"2012-02-08T05:07:04","guid":{"rendered":"http:\/\/eltecolote.org\/content\/?p=13012"},"modified":"2012-02-07T22:08:50","modified_gmt":"2012-02-08T05:08:50","slug":"grupo-de-jovenes-lucha-contra-ventas-de-tabaco","status":"publish","type":"post","link":"https:\/\/eltecolote.org\/content\/en\/grupo-de-jovenes-lucha-contra-ventas-de-tabaco\/","title":{"rendered":"Grupo de jovenes lucha contra ventas de tabaco"},"content":{"rendered":"<figure id=\"attachment_13017\" aria-describedby=\"caption-attachment-13017\" style=\"width: 700px\" class=\"wp-caption alignnone\"><a href=\"https:\/\/eltecolote.org\/content\/2012\/02\/grupo-de-jovenes-lucha-contra-ventas-de-tabaco\/turf_01\/\" rel=\"attachment wp-att-13017\"><img data-recalc-dims=\"1\" loading=\"lazy\" decoding=\"async\" class=\"size-full wp-image-13017 \" title=\"TURF_01\" src=\"https:\/\/i0.wp.com\/eltecolote.org\/content\/wp-content\/uploads\/2012\/02\/TURF_01.png?resize=700%2C467&#038;quality=80&#038;ssl=1\" alt=\"\" width=\"700\" height=\"467\" srcset=\"https:\/\/i0.wp.com\/eltecolote.org\/content\/wp-content\/uploads\/2012\/02\/TURF_01.png?w=700&amp;quality=80&amp;ssl=1 700w, https:\/\/i0.wp.com\/eltecolote.org\/content\/wp-content\/uploads\/2012\/02\/TURF_01.png?resize=600%2C400&amp;quality=80&amp;ssl=1 600w, https:\/\/i0.wp.com\/eltecolote.org\/content\/wp-content\/uploads\/2012\/02\/TURF_01.png?resize=360%2C240&amp;quality=80&amp;ssl=1 360w\" sizes=\"auto, (max-width: 700px) 100vw, 700px\" \/><\/a><figcaption id=\"caption-attachment-13017\" class=\"wp-caption-text\">Una de las tantas tiendas en la Missi\u00f3n donde se puede obtener cigarros o alcohol. Photo Courtesy Thomas Hawk<\/figcaption><\/figure>\n<p>El Instituto de Liderazgo Juvenil fund\u00f3 el \u2018Cuerpo para la reducci\u00f3n del consumo de tabaco\u2019 (TURF por sus sigla en ingl\u00e9s) con el objetivo de fortalecer la capacidad de los j\u00f3venes a la hora de reducir el acceso al tabaco en sus comunidades mediante la abogac\u00eda, la investigaci\u00f3n y la acci\u00f3n directa.<\/p>\n<p>TURF trabaja sobre todo en barrios donde hay muchos j\u00f3venes, y por esa misma raz\u00f3n, el barrio de la Misi\u00f3n ha sido un \u00e1rea clave para ellos.<\/p>\n<p>El grupo ha hecho una investigaci\u00f3n sobre la cantidad de puntos de venta y la publicidad relacionadas con el tabaco en diferentes barrios de San Francisco. El barrio de la Misi\u00f3n pertenece al distrito 9 y tiene 97 tiendas en las que se vende tabaco, de las cuales cinco son lo \u00fanico que venden. Una investigaci\u00f3n del barri\u00f3 revel\u00f3 que existe al menos una tienda de tabaco en cada cuadra de la calle Misi\u00f3n desde las calles 16 a la 24.<\/p>\n<p>Catherine Mercedes-Judge, asociada de programas del Instituto de Liderazgo Juvenil, sostiene que la educaci\u00f3n sobre los efectos da\u00f1inos del tabaco no es suficiente para fomentar comunidades saludables. Durante un taller, Mercedes-Judge pregunt\u00f3 a los participantes si sab\u00edan algo acerca de los efectos da\u00f1inos del tabaco. Todos los participantes dijeron saber sobre ello y sin embargo el interrogante qued\u00f3 en el aire sobre la raz\u00f3n por la que tantos de sus compa\u00f1eros fuman.<\/p>\n<p>\u201cSe necesita m\u00e1s que educaci\u00f3n individual\u201d, declar\u00f3. \u201cNecesitamos enfocarlo desde un punto de vista de salud p\u00fablica comunitaria.\u201d<\/p>\n<p>Estudios de la universidad de Stanford muestran c\u00f3mo cuanto mayor es el acceso y la publicidad en una comunidad, es m\u00e1s probable que la gente fume.<\/p>\n<p>En contraste con el alcohol, la regulaci\u00f3n de la venta de tabaco es m\u00ednima. La cantidad de puntos de venta de alcohol permitidos en un \u00e1rea determinada est\u00e1 limitada, y las tarifas para conseguir una licencia de venta de alcohol son altas. A pesar de que el n\u00famero de muertes como consecuencia del consumo de tabaco en California fueron 79.646 frente a 9.003 muertes por alcohol, no existe una moratoria de tiendas de venta de tabaco en el estado.<\/p>\n<p>Como consecuencia de ello, TURF aboga y ejerce presi\u00f3n pol\u00edtica para lograr un mayor control de los puntos de venta de tabaco en San Francisco, queriendo requerir un l\u00edmite del n\u00famero de puntos de venta en un \u00e1rea determinada.<\/p>\n<p>Sin embargo, como consecuencia del alto nivel de desempleo y el mal estado de la econom\u00eda, algunos residentes de la Misi\u00f3n se preocupan porque una mayor regulaci\u00f3n podr\u00eda perjudicar a la ciudad de San Francisco, ciudad que ya tiene reputaci\u00f3n de \u201cpoco amiga\u201d del negocio.<\/p>\n<p>Faris Ara, empleado de la tienda de tabaco Danah Enterprise en la Misi\u00f3n, sostiene que el tabaco es un buen negocio, incluso cuando se asegura de explicar a los j\u00f3venes sobre sus efectos da\u00f1inos. Ara tambi\u00e9n declara que frecuentemente trata de ayudar a la gente pobre ofreci\u00e9ndoles comidas y record\u00e1ndoles sobre los efectos da\u00f1inos del tabaco, pero a\u00fan y as\u00ed contin\u00faan regresando.<\/p>\n<p>\u201cHe trabajado en cuatro tiendas diferentes de tabaco y nunca he fumado\u201d, declar\u00f3 Ara.<\/p>\n<p><em>\u2014Traducci\u00f3n I\u00f1aki Fdez. de Retana<\/em><\/p>\n","protected":false},"excerpt":{"rendered":"<p>El Instituto de Liderazgo Juvenil fund\u00f3 el \u2018Cuerpo para la reducci\u00f3n del consumo de tabaco\u2019 (TURF por sus sigla en ingl\u00e9s) con el objetivo de fortalecer la capacidad de los j\u00f3venes a la hora de reducir el acceso al tabaco en sus comunidades mediante la abogac\u00eda, la investigaci\u00f3n y la acci\u00f3n directa.<\/p>\n","protected":false},"author":35,"featured_media":0,"comment_status":"open","ping_status":"closed","sticky":false,"template":"","format":"standard","meta":{"newspack_popups_has_disabled_popups":false,"newspack_featured_image_position":"","newspack_post_subtitle":"","newspack_article_summary_title":"Overview:","newspack_article_summary":"","newspack_hide_updated_date":false,"newspack_show_updated_date":false,"footnotes":""},"categories":[7],"tags":[1498,1499,1497],"coauthors":[],"class_list":["post-13012","post","type-post","status-publish","format-standard","hentry","category-news","tag-tobacco-use-reduction-force","tag-turf","tag-youth-leadership-institute","entry"],"yoast_head":"<!-- This site is optimized with the Yoast SEO plugin v27.5 - https:\/\/yoast.com\/product\/yoast-seo-wordpress\/ -->\n<title>Grupo de jovenes lucha contra ventas de tabaco - El Tecolote<\/title>\n<meta name=\"description\" content=\"El Instituto de Liderazgo Juvenil fund\u00f3 el \u2018Cuerpo para la reducci\u00f3n del consumo de tabaco\u2019 (TURF por sus sigla en ingl\u00e9s) con el objetivo de fortalecer la capacidad de los j\u00f3venes a la hora de reducir el acceso al tabaco en sus comunidades mediante la abogac\u00eda, la investigaci\u00f3n y la acci\u00f3n directa.\" \/>\n<meta name=\"robots\" content=\"index, follow, max-snippet:-1, max-image-preview:large, max-video-preview:-1\" \/>\n<link rel=\"canonical\" href=\"https:\/\/eltecolote.org\/content\/en\/grupo-de-jovenes-lucha-contra-ventas-de-tabaco\/\" \/>\n<meta property=\"og:locale\" content=\"en_US\" \/>\n<meta property=\"og:type\" content=\"article\" \/>\n<meta property=\"og:title\" content=\"Grupo de jovenes lucha contra ventas de tabaco - El Tecolote\" \/>\n<meta property=\"og:description\" content=\"El Instituto de Liderazgo Juvenil fund\u00f3 el \u2018Cuerpo para la reducci\u00f3n del consumo de tabaco\u2019 (TURF por sus sigla en ingl\u00e9s) con el objetivo de fortalecer la capacidad de los j\u00f3venes a la hora de reducir el acceso al tabaco en sus comunidades mediante la abogac\u00eda, la investigaci\u00f3n y la acci\u00f3n directa.\" \/>\n<meta property=\"og:url\" content=\"https:\/\/eltecolote.org\/content\/en\/grupo-de-jovenes-lucha-contra-ventas-de-tabaco\/\" \/>\n<meta property=\"og:site_name\" content=\"El Tecolote\" \/>\n<meta property=\"article:publisher\" content=\"https:\/\/www.facebook.com\/ElTecoloteSF\/\" \/>\n<meta property=\"article:published_time\" content=\"2012-02-08T05:07:04+00:00\" \/>\n<meta property=\"article:modified_time\" content=\"2012-02-08T05:08:50+00:00\" \/>\n<meta property=\"og:image\" content=\"http:\/\/eltecolote.org\/content\/wp-content\/uploads\/2012\/02\/TURF_01.png\" \/>\n<meta name=\"author\" content=\"El Tecolote Staff\" \/>\n<meta name=\"twitter:card\" content=\"summary_large_image\" \/>\n<meta name=\"twitter:creator\" content=\"@eltecolotesf\" \/>\n<meta name=\"twitter:site\" content=\"@eltecolotesf\" \/>\n<meta name=\"twitter:label1\" content=\"Written by\" \/>\n\t<meta name=\"twitter:data1\" content=\"El Tecolote Staff\" \/>\n\t<meta name=\"twitter:label2\" content=\"Est. reading time\" \/>\n\t<meta name=\"twitter:data2\" content=\"3 minutes\" \/>\n<script type=\"application\/ld+json\" class=\"yoast-schema-graph\">{\"@context\":\"https:\\\/\\\/schema.org\",\"@graph\":[{\"@type\":\"NewsArticle\",\"@id\":\"https:\\\/\\\/eltecolote.org\\\/content\\\/en\\\/grupo-de-jovenes-lucha-contra-ventas-de-tabaco\\\/#article\",\"isPartOf\":{\"@id\":\"https:\\\/\\\/eltecolote.org\\\/content\\\/en\\\/grupo-de-jovenes-lucha-contra-ventas-de-tabaco\\\/\"},\"author\":{\"name\":\"El Tecolote Staff\",\"@id\":\"https:\\\/\\\/eltecolote.org\\\/content\\\/#\\\/schema\\\/person\\\/08828d10185eba96895a8363a269410e\"},\"headline\":\"Grupo de jovenes lucha contra ventas de tabaco\",\"datePublished\":\"2012-02-08T05:07:04+00:00\",\"dateModified\":\"2012-02-08T05:08:50+00:00\",\"mainEntityOfPage\":{\"@id\":\"https:\\\/\\\/eltecolote.org\\\/content\\\/en\\\/grupo-de-jovenes-lucha-contra-ventas-de-tabaco\\\/\"},\"wordCount\":597,\"commentCount\":0,\"publisher\":{\"@id\":\"https:\\\/\\\/eltecolote.org\\\/content\\\/#organization\"},\"image\":{\"@id\":\"https:\\\/\\\/eltecolote.org\\\/content\\\/en\\\/grupo-de-jovenes-lucha-contra-ventas-de-tabaco\\\/#primaryimage\"},\"thumbnailUrl\":\"http:\\\/\\\/eltecolote.org\\\/content\\\/wp-content\\\/uploads\\\/2012\\\/02\\\/TURF_01.png\",\"keywords\":[\"Tobacco Use Reduction Force\",\"TURF\",\"Youth Leadership Institute\"],\"articleSection\":[\"News\"],\"inLanguage\":\"en\",\"potentialAction\":[{\"@type\":\"CommentAction\",\"name\":\"Comment\",\"target\":[\"https:\\\/\\\/eltecolote.org\\\/content\\\/en\\\/grupo-de-jovenes-lucha-contra-ventas-de-tabaco\\\/#respond\"]}]},{\"@type\":\"WebPage\",\"@id\":\"https:\\\/\\\/eltecolote.org\\\/content\\\/en\\\/grupo-de-jovenes-lucha-contra-ventas-de-tabaco\\\/\",\"url\":\"https:\\\/\\\/eltecolote.org\\\/content\\\/en\\\/grupo-de-jovenes-lucha-contra-ventas-de-tabaco\\\/\",\"name\":\"Grupo de jovenes lucha contra ventas de tabaco - El Tecolote\",\"isPartOf\":{\"@id\":\"https:\\\/\\\/eltecolote.org\\\/content\\\/#website\"},\"primaryImageOfPage\":{\"@id\":\"https:\\\/\\\/eltecolote.org\\\/content\\\/en\\\/grupo-de-jovenes-lucha-contra-ventas-de-tabaco\\\/#primaryimage\"},\"image\":{\"@id\":\"https:\\\/\\\/eltecolote.org\\\/content\\\/en\\\/grupo-de-jovenes-lucha-contra-ventas-de-tabaco\\\/#primaryimage\"},\"thumbnailUrl\":\"http:\\\/\\\/eltecolote.org\\\/content\\\/wp-content\\\/uploads\\\/2012\\\/02\\\/TURF_01.png\",\"datePublished\":\"2012-02-08T05:07:04+00:00\",\"dateModified\":\"2012-02-08T05:08:50+00:00\",\"description\":\"El Instituto de Liderazgo Juvenil fund\u00f3 el \u2018Cuerpo para la reducci\u00f3n del consumo de tabaco\u2019 (TURF por sus sigla en ingl\u00e9s) con el objetivo de fortalecer la capacidad de los j\u00f3venes a la hora de reducir el acceso al tabaco en sus comunidades mediante la abogac\u00eda, la investigaci\u00f3n y la acci\u00f3n directa.\",\"inLanguage\":\"en\",\"potentialAction\":[{\"@type\":\"ReadAction\",\"target\":[\"https:\\\/\\\/eltecolote.org\\\/content\\\/en\\\/grupo-de-jovenes-lucha-contra-ventas-de-tabaco\\\/\"]}]},{\"@type\":\"ImageObject\",\"inLanguage\":\"en\",\"@id\":\"https:\\\/\\\/eltecolote.org\\\/content\\\/en\\\/grupo-de-jovenes-lucha-contra-ventas-de-tabaco\\\/#primaryimage\",\"url\":\"http:\\\/\\\/eltecolote.org\\\/content\\\/wp-content\\\/uploads\\\/2012\\\/02\\\/TURF_01.png\",\"contentUrl\":\"http:\\\/\\\/eltecolote.org\\\/content\\\/wp-content\\\/uploads\\\/2012\\\/02\\\/TURF_01.png\"},{\"@type\":\"WebSite\",\"@id\":\"https:\\\/\\\/eltecolote.org\\\/content\\\/#website\",\"url\":\"https:\\\/\\\/eltecolote.org\\\/content\\\/\",\"name\":\"El Tecolote\",\"description\":\"San Francisco's Latinx newspaper since 1970\",\"publisher\":{\"@id\":\"https:\\\/\\\/eltecolote.org\\\/content\\\/#organization\"},\"potentialAction\":[{\"@type\":\"SearchAction\",\"target\":{\"@type\":\"EntryPoint\",\"urlTemplate\":\"https:\\\/\\\/eltecolote.org\\\/content\\\/?s={search_term_string}\"},\"query-input\":{\"@type\":\"PropertyValueSpecification\",\"valueRequired\":true,\"valueName\":\"search_term_string\"}}],\"inLanguage\":\"en\"},{\"@type\":\"Organization\",\"@id\":\"https:\\\/\\\/eltecolote.org\\\/content\\\/#organization\",\"name\":\"El Tecolote\",\"url\":\"https:\\\/\\\/eltecolote.org\\\/content\\\/\",\"logo\":{\"@type\":\"ImageObject\",\"inLanguage\":\"en\",\"@id\":\"https:\\\/\\\/eltecolote.org\\\/content\\\/#\\\/schema\\\/logo\\\/image\\\/\",\"url\":\"https:\\\/\\\/i0.wp.com\\\/eltecolote.org\\\/content\\\/wp-content\\\/uploads\\\/2021\\\/05\\\/ETlogo-1.jpg?fit=400%2C400&ssl=1\",\"contentUrl\":\"https:\\\/\\\/i0.wp.com\\\/eltecolote.org\\\/content\\\/wp-content\\\/uploads\\\/2021\\\/05\\\/ETlogo-1.jpg?fit=400%2C400&ssl=1\",\"width\":400,\"height\":400,\"caption\":\"El Tecolote\"},\"image\":{\"@id\":\"https:\\\/\\\/eltecolote.org\\\/content\\\/#\\\/schema\\\/logo\\\/image\\\/\"},\"sameAs\":[\"https:\\\/\\\/www.facebook.com\\\/ElTecoloteSF\\\/\",\"https:\\\/\\\/x.com\\\/eltecolotesf\",\"https:\\\/\\\/www.instagram.com\\\/eltecolotesf\\\/\"]},{\"@type\":\"Person\",\"@id\":\"https:\\\/\\\/eltecolote.org\\\/content\\\/#\\\/schema\\\/person\\\/08828d10185eba96895a8363a269410e\",\"name\":\"El Tecolote Staff\",\"image\":{\"@type\":\"ImageObject\",\"inLanguage\":\"en\",\"@id\":\"https:\\\/\\\/secure.gravatar.com\\\/avatar\\\/9534c92c8c908364e186a64d93efc86f62367109d1b07a3454facde655968589?s=96&d=mm&r=g6afcb607783e095e4cf6be807353924d\",\"url\":\"https:\\\/\\\/secure.gravatar.com\\\/avatar\\\/9534c92c8c908364e186a64d93efc86f62367109d1b07a3454facde655968589?s=96&d=mm&r=g\",\"contentUrl\":\"https:\\\/\\\/secure.gravatar.com\\\/avatar\\\/9534c92c8c908364e186a64d93efc86f62367109d1b07a3454facde655968589?s=96&d=mm&r=g\",\"caption\":\"El Tecolote Staff\"},\"url\":\"https:\\\/\\\/eltecolote.org\\\/content\\\/author\\\/web-editor\\\/\"}]}<\/script>\n<!-- \/ Yoast SEO plugin. -->","yoast_head_json":{"title":"Grupo de jovenes lucha contra ventas de tabaco - El Tecolote","description":"El Instituto de Liderazgo Juvenil fund\u00f3 el \u2018Cuerpo para la reducci\u00f3n del consumo de tabaco\u2019 (TURF por sus sigla en ingl\u00e9s) con el objetivo de fortalecer la capacidad de los j\u00f3venes a la hora de reducir el acceso al tabaco en sus comunidades mediante la abogac\u00eda, la investigaci\u00f3n y la acci\u00f3n directa.","robots":{"index":"index","follow":"follow","max-snippet":"max-snippet:-1","max-image-preview":"max-image-preview:large","max-video-preview":"max-video-preview:-1"},"canonical":"https:\/\/eltecolote.org\/content\/en\/grupo-de-jovenes-lucha-contra-ventas-de-tabaco\/","og_locale":"en_US","og_type":"article","og_title":"Grupo de jovenes lucha contra ventas de tabaco - El Tecolote","og_description":"El Instituto de Liderazgo Juvenil fund\u00f3 el \u2018Cuerpo para la reducci\u00f3n del consumo de tabaco\u2019 (TURF por sus sigla en ingl\u00e9s) con el objetivo de fortalecer la capacidad de los j\u00f3venes a la hora de reducir el acceso al tabaco en sus comunidades mediante la abogac\u00eda, la investigaci\u00f3n y la acci\u00f3n directa.","og_url":"https:\/\/eltecolote.org\/content\/en\/grupo-de-jovenes-lucha-contra-ventas-de-tabaco\/","og_site_name":"El Tecolote","article_publisher":"https:\/\/www.facebook.com\/ElTecoloteSF\/","article_published_time":"2012-02-08T05:07:04+00:00","article_modified_time":"2012-02-08T05:08:50+00:00","og_image":[{"url":"http:\/\/eltecolote.org\/content\/wp-content\/uploads\/2012\/02\/TURF_01.png","type":"","width":"","height":""}],"author":"El Tecolote Staff","twitter_card":"summary_large_image","twitter_creator":"@eltecolotesf","twitter_site":"@eltecolotesf","twitter_misc":{"Written by":"El Tecolote Staff","Est. reading time":"3 minutes"},"schema":{"@context":"https:\/\/schema.org","@graph":[{"@type":"NewsArticle","@id":"https:\/\/eltecolote.org\/content\/en\/grupo-de-jovenes-lucha-contra-ventas-de-tabaco\/#article","isPartOf":{"@id":"https:\/\/eltecolote.org\/content\/en\/grupo-de-jovenes-lucha-contra-ventas-de-tabaco\/"},"author":{"name":"El Tecolote Staff","@id":"https:\/\/eltecolote.org\/content\/#\/schema\/person\/08828d10185eba96895a8363a269410e"},"headline":"Grupo de jovenes lucha contra ventas de tabaco","datePublished":"2012-02-08T05:07:04+00:00","dateModified":"2012-02-08T05:08:50+00:00","mainEntityOfPage":{"@id":"https:\/\/eltecolote.org\/content\/en\/grupo-de-jovenes-lucha-contra-ventas-de-tabaco\/"},"wordCount":597,"commentCount":0,"publisher":{"@id":"https:\/\/eltecolote.org\/content\/#organization"},"image":{"@id":"https:\/\/eltecolote.org\/content\/en\/grupo-de-jovenes-lucha-contra-ventas-de-tabaco\/#primaryimage"},"thumbnailUrl":"http:\/\/eltecolote.org\/content\/wp-content\/uploads\/2012\/02\/TURF_01.png","keywords":["Tobacco Use Reduction Force","TURF","Youth Leadership Institute"],"articleSection":["News"],"inLanguage":"en","potentialAction":[{"@type":"CommentAction","name":"Comment","target":["https:\/\/eltecolote.org\/content\/en\/grupo-de-jovenes-lucha-contra-ventas-de-tabaco\/#respond"]}]},{"@type":"WebPage","@id":"https:\/\/eltecolote.org\/content\/en\/grupo-de-jovenes-lucha-contra-ventas-de-tabaco\/","url":"https:\/\/eltecolote.org\/content\/en\/grupo-de-jovenes-lucha-contra-ventas-de-tabaco\/","name":"Grupo de jovenes lucha contra ventas de tabaco - El Tecolote","isPartOf":{"@id":"https:\/\/eltecolote.org\/content\/#website"},"primaryImageOfPage":{"@id":"https:\/\/eltecolote.org\/content\/en\/grupo-de-jovenes-lucha-contra-ventas-de-tabaco\/#primaryimage"},"image":{"@id":"https:\/\/eltecolote.org\/content\/en\/grupo-de-jovenes-lucha-contra-ventas-de-tabaco\/#primaryimage"},"thumbnailUrl":"http:\/\/eltecolote.org\/content\/wp-content\/uploads\/2012\/02\/TURF_01.png","datePublished":"2012-02-08T05:07:04+00:00","dateModified":"2012-02-08T05:08:50+00:00","description":"El Instituto de Liderazgo Juvenil fund\u00f3 el \u2018Cuerpo para la reducci\u00f3n del consumo de tabaco\u2019 (TURF por sus sigla en ingl\u00e9s) con el objetivo de fortalecer la capacidad de los j\u00f3venes a la hora de reducir el acceso al tabaco en sus comunidades mediante la abogac\u00eda, la investigaci\u00f3n y la acci\u00f3n directa.","inLanguage":"en","potentialAction":[{"@type":"ReadAction","target":["https:\/\/eltecolote.org\/content\/en\/grupo-de-jovenes-lucha-contra-ventas-de-tabaco\/"]}]},{"@type":"ImageObject","inLanguage":"en","@id":"https:\/\/eltecolote.org\/content\/en\/grupo-de-jovenes-lucha-contra-ventas-de-tabaco\/#primaryimage","url":"http:\/\/eltecolote.org\/content\/wp-content\/uploads\/2012\/02\/TURF_01.png","contentUrl":"http:\/\/eltecolote.org\/content\/wp-content\/uploads\/2012\/02\/TURF_01.png"},{"@type":"WebSite","@id":"https:\/\/eltecolote.org\/content\/#website","url":"https:\/\/eltecolote.org\/content\/","name":"El Tecolote","description":"San Francisco's Latinx newspaper since 1970","publisher":{"@id":"https:\/\/eltecolote.org\/content\/#organization"},"potentialAction":[{"@type":"SearchAction","target":{"@type":"EntryPoint","urlTemplate":"https:\/\/eltecolote.org\/content\/?s={search_term_string}"},"query-input":{"@type":"PropertyValueSpecification","valueRequired":true,"valueName":"search_term_string"}}],"inLanguage":"en"},{"@type":"Organization","@id":"https:\/\/eltecolote.org\/content\/#organization","name":"El Tecolote","url":"https:\/\/eltecolote.org\/content\/","logo":{"@type":"ImageObject","inLanguage":"en","@id":"https:\/\/eltecolote.org\/content\/#\/schema\/logo\/image\/","url":"https:\/\/i0.wp.com\/eltecolote.org\/content\/wp-content\/uploads\/2021\/05\/ETlogo-1.jpg?fit=400%2C400&ssl=1","contentUrl":"https:\/\/i0.wp.com\/eltecolote.org\/content\/wp-content\/uploads\/2021\/05\/ETlogo-1.jpg?fit=400%2C400&ssl=1","width":400,"height":400,"caption":"El Tecolote"},"image":{"@id":"https:\/\/eltecolote.org\/content\/#\/schema\/logo\/image\/"},"sameAs":["https:\/\/www.facebook.com\/ElTecoloteSF\/","https:\/\/x.com\/eltecolotesf","https:\/\/www.instagram.com\/eltecolotesf\/"]},{"@type":"Person","@id":"https:\/\/eltecolote.org\/content\/#\/schema\/person\/08828d10185eba96895a8363a269410e","name":"El Tecolote Staff","image":{"@type":"ImageObject","inLanguage":"en","@id":"https:\/\/secure.gravatar.com\/avatar\/9534c92c8c908364e186a64d93efc86f62367109d1b07a3454facde655968589?s=96&d=mm&r=g6afcb607783e095e4cf6be807353924d","url":"https:\/\/secure.gravatar.com\/avatar\/9534c92c8c908364e186a64d93efc86f62367109d1b07a3454facde655968589?s=96&d=mm&r=g","contentUrl":"https:\/\/secure.gravatar.com\/avatar\/9534c92c8c908364e186a64d93efc86f62367109d1b07a3454facde655968589?s=96&d=mm&r=g","caption":"El Tecolote Staff"},"url":"https:\/\/eltecolote.org\/content\/author\/web-editor\/"}]}},"distributor_meta":false,"distributor_terms":false,"distributor_media":false,"distributor_original_site_name":"El Tecolote","distributor_original_site_url":"https:\/\/eltecolote.org\/content","push-errors":false,"_links":{"self":[{"href":"https:\/\/eltecolote.org\/content\/wp-json\/wp\/v2\/posts\/13012","targetHints":{"allow":["GET"]}}],"collection":[{"href":"https:\/\/eltecolote.org\/content\/wp-json\/wp\/v2\/posts"}],"about":[{"href":"https:\/\/eltecolote.org\/content\/wp-json\/wp\/v2\/types\/post"}],"author":[{"embeddable":true,"href":"https:\/\/eltecolote.org\/content\/wp-json\/wp\/v2\/users\/35"}],"replies":[{"embeddable":true,"href":"https:\/\/eltecolote.org\/content\/wp-json\/wp\/v2\/comments?post=13012"}],"version-history":[{"count":12,"href":"https:\/\/eltecolote.org\/content\/wp-json\/wp\/v2\/posts\/13012\/revisions"}],"predecessor-version":[{"id":13037,"href":"https:\/\/eltecolote.org\/content\/wp-json\/wp\/v2\/posts\/13012\/revisions\/13037"}],"wp:attachment":[{"href":"https:\/\/eltecolote.org\/content\/wp-json\/wp\/v2\/media?parent=13012"}],"wp:term":[{"taxonomy":"category","embeddable":true,"href":"https:\/\/eltecolote.org\/content\/wp-json\/wp\/v2\/categories?post=13012"},{"taxonomy":"post_tag","embeddable":true,"href":"https:\/\/eltecolote.org\/content\/wp-json\/wp\/v2\/tags?post=13012"},{"taxonomy":"author","embeddable":true,"href":"https:\/\/eltecolote.org\/content\/wp-json\/wp\/v2\/coauthors?post=13012"}],"curies":[{"name":"wp","href":"https:\/\/api.w.org\/{rel}","templated":true}]}}