{"id":1200,"date":"2010-01-13T15:30:29","date_gmt":"2010-01-13T22:30:29","guid":{"rendered":"http:\/\/eltecolote.org\/content\/?p=1200"},"modified":"2015-02-18T16:36:57","modified_gmt":"2015-02-18T23:36:57","slug":"el-census-2010-3","status":"publish","type":"post","link":"https:\/\/eltecolote.org\/content\/es\/el-census-2010-3\/","title":{"rendered":"El Census 2010"},"content":{"rendered":"<p>El pr\u00f3ximo mes de abril ser\u00e1 el 23\u00ba recuento del censo, un esfuerzo nacional de contar a todas las personas que residen en los EEUU, independientemente de su edad, estado migratorio o de si tienen un hogar.<\/p>\n<p>El recuento del censo tendr\u00e1 dos efectos muy importantes en nuestra comunidad por dos razones.<\/p>\n<p>En primer lugar, porque el gobierno federal y muchas fundaciones privadas lo utilizan para distribuir recursos: para calcular la distribuci\u00f3n de entre 300 y 400 billones de d\u00f3lares destinados a programas federales como Head Start y the Women, Infant and Children (WIC) o el programa nacional de almuerzos en las escuelas. Tambi\u00e9n se utiliza para distribuir dinero para programas de acogida de menores, programas para ancianos, becas para desarrollo comunitario, bonos para la vivienda de \u2018Secci\u00f3n Ocho\u2019, ayudas de desempleo, educaci\u00f3n para adultos y reinserci\u00f3n de ex-convictos.<\/p>\n<p>Los gobiernos estatales y municipales lo utilizan para distribuir fondos para construir edificios p\u00fablicos, carreteras, sistemas de transporte o puentes que generan puestos de trabajo.<\/p>\n<p>En segundo lugar, el recuento se utiliza para determinar el n\u00famero de representantes de los ciudadanos en el congreso de los EEUU. El establecimiento de los distritos legislativos se basa en el recuento de toda la poblaci\u00f3n del pa\u00eds, independientemente de su edad o estado migratorio. Todas las personas cuentan.<\/p>\n<p>Al haber sufrido otros estados del pa\u00eds un crecimiento demogr\u00e1fico mayor al de California durante la pasada d\u00e9cada, los analistas pol\u00edticos creen que si hubiera un recuento significativamente a la baja este a\u00f1o, California podr\u00eda perder un representante en el congreso.<\/p>\n<p>El no contar a todas las personas ha sido un problema constante para la gente de color y pobre de cualquier raza u origen \u00e9tnico, lo que ha resultado en menos recursos para la gente que m\u00e1s los necesita.<\/p>\n<p>Fuentes fidedignas estiman que por cada persona obviada, se perder\u00e1n entre $1.000 y $1.600. En la Misi\u00f3n, si no se contara a 500 personas, se perder\u00edan como m\u00ednimo $500.000 en ayudas federales.<\/p>\n<p>Y como el pr\u00f3ximo recuento no ser\u00e1 hasta el 2020, significar\u00eda una perdida de 5 millones de d\u00f3lares cuando m\u00e1s lo necesitamos.<\/p>\n<p>No contar a toda la gente sucede por varias razones, incluyendo temores e ideas equivocadas aunque leg\u00edtimas. La xenofobia hace que inmigrantes indocumentados teman que la informaci\u00f3n vaya a los agentes de inmigraci\u00f3n. Los inquilinos que viven amontonados y los caseros que les alquilan temen que la alcald\u00eda los descubra y los bote o los multe. Y los padres de familia piensan que sus hijos no cuentan.<\/p>\n<p>La informaci\u00f3n es confidencial. El \u2018C\u00f3digo de los EEUU\u2019 establece que ninguna agencia, ni si quiera el FBI o el ICE, puede acceder a esta informaci\u00f3n del censo. Y los tribunales han mantenido esta posici\u00f3n.<\/p>\n<p>Sin embargo esta garant\u00eda no ser\u00e1 suficiente y tenemos que hacer un esfuerzo para contar a todas y cada una de las personas en la Misi\u00f3n. Usted puede colaborar de la siguiente manera:<\/p>\n<p>\u2022 Rellenando el formulario del censo y regres\u00e1ndolo antes del 1 de abril.<\/p>\n<p>\u2022 Participando en el \u2018Comit\u00e9 de recuento completo de la Misi\u00f3n\u2019. Comun\u00edquese con Martha Due\u00f1as en Acci\u00f3n Latina\/El Tecolote: 415-648-1045 o maduenas@accionlatina.org para m\u00e1s informaci\u00f3n.<\/p>\n<p>\u2022 Trabajando para la oficina del censo. Los puestos de trabajo pagan $20 a la hora o m\u00e1s, a tiempo completo o parcial. Y necesitan muchos trabajadores biling\u00fces. Visiten la p\u00e1gina de Internet www.2010censusjobs.com para recabar m\u00e1s informaci\u00f3n.<\/p>\n<p>M\u00e1s informaci\u00f3n: http:\/\/2010.Census.gov.<\/p>\n","protected":false},"excerpt":{"rendered":"<p>El pr\u00f3ximo mes de abril ser\u00e1 el 23\u00ba recuento del censo, un esfuerzo nacional de contar a todas las personas que residen en los EEUU, independientemente de su edad, estado migratorio o de si tienen un hogar. El recuento del censo tendr\u00e1 dos efectos muy importantes en nuestra comunidad.<\/p>\n","protected":false},"author":8,"featured_media":0,"comment_status":"open","ping_status":"open","sticky":false,"template":"","format":"standard","meta":{"newspack_popups_has_disabled_popups":false,"newspack_featured_image_position":"","newspack_post_subtitle":"","newspack_article_summary_title":"Overview:","newspack_article_summary":"","newspack_hide_updated_date":false,"newspack_show_updated_date":false,"footnotes":""},"categories":[3525],"tags":[46,125],"coauthors":[18468],"class_list":["post-1200","post","type-post","status-publish","format-standard","hentry","category-america-latina","tag-census","tag-economia","entry"],"yoast_head":"<!-- This site is optimized with the Yoast SEO plugin v27.5 - https:\/\/yoast.com\/product\/yoast-seo-wordpress\/ -->\n<title>El Census 2010 - El Tecolote<\/title>\n<meta name=\"description\" content=\"El pr\u00f3ximo mes de abril ser\u00e1 el 23\u00ba recuento del censo, un esfuerzo nacional de contar a todas las personas que residen en los EEUU, independientemente de su edad, estado migratorio o de si tienen un hogar. El recuento del censo tendr\u00e1 dos efectos muy importantes en nuestra comunidad.\" \/>\n<meta name=\"robots\" content=\"index, follow, max-snippet:-1, max-image-preview:large, max-video-preview:-1\" \/>\n<link rel=\"canonical\" href=\"https:\/\/eltecolote.org\/content\/es\/el-census-2010-3\/\" \/>\n<meta property=\"og:locale\" content=\"en_US\" \/>\n<meta property=\"og:type\" content=\"article\" \/>\n<meta property=\"og:title\" content=\"El Census 2010 - El Tecolote\" \/>\n<meta property=\"og:description\" content=\"El pr\u00f3ximo mes de abril ser\u00e1 el 23\u00ba recuento del censo, un esfuerzo nacional de contar a todas las personas que residen en los EEUU, independientemente de su edad, estado migratorio o de si tienen un hogar. El recuento del censo tendr\u00e1 dos efectos muy importantes en nuestra comunidad.\" \/>\n<meta property=\"og:url\" content=\"https:\/\/eltecolote.org\/content\/es\/el-census-2010-3\/\" \/>\n<meta property=\"og:site_name\" content=\"El Tecolote\" \/>\n<meta property=\"article:publisher\" content=\"https:\/\/www.facebook.com\/ElTecoloteSF\/\" \/>\n<meta property=\"article:published_time\" content=\"2010-01-13T22:30:29+00:00\" \/>\n<meta property=\"article:modified_time\" content=\"2015-02-18T23:36:57+00:00\" \/>\n<meta property=\"og:image\" content=\"https:\/\/i0.wp.com\/eltecolote.org\/content\/wp-content\/uploads\/2019\/10\/facebook.png?fit=8672%2C4960&quality=80&ssl=1\" \/>\n\t<meta property=\"og:image:width\" content=\"8672\" \/>\n\t<meta property=\"og:image:height\" content=\"4960\" \/>\n\t<meta property=\"og:image:type\" content=\"image\/png\" \/>\n<meta name=\"author\" content=\"inaki\" \/>\n<meta name=\"twitter:card\" content=\"summary_large_image\" \/>\n<meta name=\"twitter:creator\" content=\"@eltecolotesf\" \/>\n<meta name=\"twitter:site\" content=\"@eltecolotesf\" \/>\n<meta name=\"twitter:label1\" content=\"Written by\" \/>\n\t<meta name=\"twitter:data1\" content=\"inaki\" \/>\n\t<meta name=\"twitter:label2\" content=\"Est. reading time\" \/>\n\t<meta name=\"twitter:data2\" content=\"3 minutes\" \/>\n<script type=\"application\/ld+json\" class=\"yoast-schema-graph\">{\"@context\":\"https:\\\/\\\/schema.org\",\"@graph\":[{\"@type\":\"NewsArticle\",\"@id\":\"https:\\\/\\\/eltecolote.org\\\/content\\\/es\\\/el-census-2010-3\\\/#article\",\"isPartOf\":{\"@id\":\"https:\\\/\\\/eltecolote.org\\\/content\\\/es\\\/el-census-2010-3\\\/\"},\"author\":{\"name\":\"inaki\",\"@id\":\"https:\\\/\\\/eltecolote.org\\\/content\\\/#\\\/schema\\\/person\\\/3d16dd415f4762c1919d5f48fb96be68\"},\"headline\":\"El Census 2010\",\"datePublished\":\"2010-01-13T22:30:29+00:00\",\"dateModified\":\"2015-02-18T23:36:57+00:00\",\"mainEntityOfPage\":{\"@id\":\"https:\\\/\\\/eltecolote.org\\\/content\\\/es\\\/el-census-2010-3\\\/\"},\"wordCount\":608,\"commentCount\":0,\"publisher\":{\"@id\":\"https:\\\/\\\/eltecolote.org\\\/content\\\/#organization\"},\"keywords\":[\"Census\",\"economia\"],\"articleSection\":[\"Am\u00e9rica Latina\"],\"inLanguage\":\"en\",\"potentialAction\":[{\"@type\":\"CommentAction\",\"name\":\"Comment\",\"target\":[\"https:\\\/\\\/eltecolote.org\\\/content\\\/es\\\/el-census-2010-3\\\/#respond\"]}]},{\"@type\":\"WebPage\",\"@id\":\"https:\\\/\\\/eltecolote.org\\\/content\\\/es\\\/el-census-2010-3\\\/\",\"url\":\"https:\\\/\\\/eltecolote.org\\\/content\\\/es\\\/el-census-2010-3\\\/\",\"name\":\"El Census 2010 - El Tecolote\",\"isPartOf\":{\"@id\":\"https:\\\/\\\/eltecolote.org\\\/content\\\/#website\"},\"datePublished\":\"2010-01-13T22:30:29+00:00\",\"dateModified\":\"2015-02-18T23:36:57+00:00\",\"description\":\"El pr\u00f3ximo mes de abril ser\u00e1 el 23\u00ba recuento del censo, un esfuerzo nacional de contar a todas las personas que residen en los EEUU, independientemente de su edad, estado migratorio o de si tienen un hogar. El recuento del censo tendr\u00e1 dos efectos muy importantes en nuestra comunidad.\",\"inLanguage\":\"en\",\"potentialAction\":[{\"@type\":\"ReadAction\",\"target\":[\"https:\\\/\\\/eltecolote.org\\\/content\\\/es\\\/el-census-2010-3\\\/\"]}]},{\"@type\":\"WebSite\",\"@id\":\"https:\\\/\\\/eltecolote.org\\\/content\\\/#website\",\"url\":\"https:\\\/\\\/eltecolote.org\\\/content\\\/\",\"name\":\"El Tecolote\",\"description\":\"San Francisco's Latinx newspaper since 1970\",\"publisher\":{\"@id\":\"https:\\\/\\\/eltecolote.org\\\/content\\\/#organization\"},\"potentialAction\":[{\"@type\":\"SearchAction\",\"target\":{\"@type\":\"EntryPoint\",\"urlTemplate\":\"https:\\\/\\\/eltecolote.org\\\/content\\\/?s={search_term_string}\"},\"query-input\":{\"@type\":\"PropertyValueSpecification\",\"valueRequired\":true,\"valueName\":\"search_term_string\"}}],\"inLanguage\":\"en\"},{\"@type\":\"Organization\",\"@id\":\"https:\\\/\\\/eltecolote.org\\\/content\\\/#organization\",\"name\":\"El Tecolote\",\"url\":\"https:\\\/\\\/eltecolote.org\\\/content\\\/\",\"logo\":{\"@type\":\"ImageObject\",\"inLanguage\":\"en\",\"@id\":\"https:\\\/\\\/eltecolote.org\\\/content\\\/#\\\/schema\\\/logo\\\/image\\\/\",\"url\":\"https:\\\/\\\/i0.wp.com\\\/eltecolote.org\\\/content\\\/wp-content\\\/uploads\\\/2021\\\/05\\\/ETlogo-1.jpg?fit=400%2C400&ssl=1\",\"contentUrl\":\"https:\\\/\\\/i0.wp.com\\\/eltecolote.org\\\/content\\\/wp-content\\\/uploads\\\/2021\\\/05\\\/ETlogo-1.jpg?fit=400%2C400&ssl=1\",\"width\":400,\"height\":400,\"caption\":\"El Tecolote\"},\"image\":{\"@id\":\"https:\\\/\\\/eltecolote.org\\\/content\\\/#\\\/schema\\\/logo\\\/image\\\/\"},\"sameAs\":[\"https:\\\/\\\/www.facebook.com\\\/ElTecoloteSF\\\/\",\"https:\\\/\\\/x.com\\\/eltecolotesf\",\"https:\\\/\\\/www.instagram.com\\\/eltecolotesf\\\/\"]},{\"@type\":\"Person\",\"@id\":\"https:\\\/\\\/eltecolote.org\\\/content\\\/#\\\/schema\\\/person\\\/3d16dd415f4762c1919d5f48fb96be68\",\"name\":\"inaki\",\"image\":{\"@type\":\"ImageObject\",\"inLanguage\":\"en\",\"@id\":\"https:\\\/\\\/secure.gravatar.com\\\/avatar\\\/ab6ead0932ded5b2446f1718461a6be0d4ec8d3cc15301536fd1add812db4cfd?s=96&d=mm&r=g63853c5492f171feb7b16142e206d3ec\",\"url\":\"https:\\\/\\\/secure.gravatar.com\\\/avatar\\\/ab6ead0932ded5b2446f1718461a6be0d4ec8d3cc15301536fd1add812db4cfd?s=96&d=mm&r=g\",\"contentUrl\":\"https:\\\/\\\/secure.gravatar.com\\\/avatar\\\/ab6ead0932ded5b2446f1718461a6be0d4ec8d3cc15301536fd1add812db4cfd?s=96&d=mm&r=g\",\"caption\":\"inaki\"},\"url\":\"https:\\\/\\\/eltecolote.org\\\/content\\\/author\\\/inaki\\\/\"}]}<\/script>\n<!-- \/ Yoast SEO plugin. -->","yoast_head_json":{"title":"El Census 2010 - El Tecolote","description":"El pr\u00f3ximo mes de abril ser\u00e1 el 23\u00ba recuento del censo, un esfuerzo nacional de contar a todas las personas que residen en los EEUU, independientemente de su edad, estado migratorio o de si tienen un hogar. El recuento del censo tendr\u00e1 dos efectos muy importantes en nuestra comunidad.","robots":{"index":"index","follow":"follow","max-snippet":"max-snippet:-1","max-image-preview":"max-image-preview:large","max-video-preview":"max-video-preview:-1"},"canonical":"https:\/\/eltecolote.org\/content\/es\/el-census-2010-3\/","og_locale":"en_US","og_type":"article","og_title":"El Census 2010 - El Tecolote","og_description":"El pr\u00f3ximo mes de abril ser\u00e1 el 23\u00ba recuento del censo, un esfuerzo nacional de contar a todas las personas que residen en los EEUU, independientemente de su edad, estado migratorio o de si tienen un hogar. El recuento del censo tendr\u00e1 dos efectos muy importantes en nuestra comunidad.","og_url":"https:\/\/eltecolote.org\/content\/es\/el-census-2010-3\/","og_site_name":"El Tecolote","article_publisher":"https:\/\/www.facebook.com\/ElTecoloteSF\/","article_published_time":"2010-01-13T22:30:29+00:00","article_modified_time":"2015-02-18T23:36:57+00:00","og_image":[{"width":8672,"height":4960,"url":"https:\/\/i0.wp.com\/eltecolote.org\/content\/wp-content\/uploads\/2019\/10\/facebook.png?fit=8672%2C4960&quality=80&ssl=1","type":"image\/png"}],"author":"inaki","twitter_card":"summary_large_image","twitter_creator":"@eltecolotesf","twitter_site":"@eltecolotesf","twitter_misc":{"Written by":"inaki","Est. reading time":"3 minutes"},"schema":{"@context":"https:\/\/schema.org","@graph":[{"@type":"NewsArticle","@id":"https:\/\/eltecolote.org\/content\/es\/el-census-2010-3\/#article","isPartOf":{"@id":"https:\/\/eltecolote.org\/content\/es\/el-census-2010-3\/"},"author":{"name":"inaki","@id":"https:\/\/eltecolote.org\/content\/#\/schema\/person\/3d16dd415f4762c1919d5f48fb96be68"},"headline":"El Census 2010","datePublished":"2010-01-13T22:30:29+00:00","dateModified":"2015-02-18T23:36:57+00:00","mainEntityOfPage":{"@id":"https:\/\/eltecolote.org\/content\/es\/el-census-2010-3\/"},"wordCount":608,"commentCount":0,"publisher":{"@id":"https:\/\/eltecolote.org\/content\/#organization"},"keywords":["Census","economia"],"articleSection":["Am\u00e9rica Latina"],"inLanguage":"en","potentialAction":[{"@type":"CommentAction","name":"Comment","target":["https:\/\/eltecolote.org\/content\/es\/el-census-2010-3\/#respond"]}]},{"@type":"WebPage","@id":"https:\/\/eltecolote.org\/content\/es\/el-census-2010-3\/","url":"https:\/\/eltecolote.org\/content\/es\/el-census-2010-3\/","name":"El Census 2010 - El Tecolote","isPartOf":{"@id":"https:\/\/eltecolote.org\/content\/#website"},"datePublished":"2010-01-13T22:30:29+00:00","dateModified":"2015-02-18T23:36:57+00:00","description":"El pr\u00f3ximo mes de abril ser\u00e1 el 23\u00ba recuento del censo, un esfuerzo nacional de contar a todas las personas que residen en los EEUU, independientemente de su edad, estado migratorio o de si tienen un hogar. El recuento del censo tendr\u00e1 dos efectos muy importantes en nuestra comunidad.","inLanguage":"en","potentialAction":[{"@type":"ReadAction","target":["https:\/\/eltecolote.org\/content\/es\/el-census-2010-3\/"]}]},{"@type":"WebSite","@id":"https:\/\/eltecolote.org\/content\/#website","url":"https:\/\/eltecolote.org\/content\/","name":"El Tecolote","description":"San Francisco's Latinx newspaper since 1970","publisher":{"@id":"https:\/\/eltecolote.org\/content\/#organization"},"potentialAction":[{"@type":"SearchAction","target":{"@type":"EntryPoint","urlTemplate":"https:\/\/eltecolote.org\/content\/?s={search_term_string}"},"query-input":{"@type":"PropertyValueSpecification","valueRequired":true,"valueName":"search_term_string"}}],"inLanguage":"en"},{"@type":"Organization","@id":"https:\/\/eltecolote.org\/content\/#organization","name":"El Tecolote","url":"https:\/\/eltecolote.org\/content\/","logo":{"@type":"ImageObject","inLanguage":"en","@id":"https:\/\/eltecolote.org\/content\/#\/schema\/logo\/image\/","url":"https:\/\/i0.wp.com\/eltecolote.org\/content\/wp-content\/uploads\/2021\/05\/ETlogo-1.jpg?fit=400%2C400&ssl=1","contentUrl":"https:\/\/i0.wp.com\/eltecolote.org\/content\/wp-content\/uploads\/2021\/05\/ETlogo-1.jpg?fit=400%2C400&ssl=1","width":400,"height":400,"caption":"El Tecolote"},"image":{"@id":"https:\/\/eltecolote.org\/content\/#\/schema\/logo\/image\/"},"sameAs":["https:\/\/www.facebook.com\/ElTecoloteSF\/","https:\/\/x.com\/eltecolotesf","https:\/\/www.instagram.com\/eltecolotesf\/"]},{"@type":"Person","@id":"https:\/\/eltecolote.org\/content\/#\/schema\/person\/3d16dd415f4762c1919d5f48fb96be68","name":"inaki","image":{"@type":"ImageObject","inLanguage":"en","@id":"https:\/\/secure.gravatar.com\/avatar\/ab6ead0932ded5b2446f1718461a6be0d4ec8d3cc15301536fd1add812db4cfd?s=96&d=mm&r=g63853c5492f171feb7b16142e206d3ec","url":"https:\/\/secure.gravatar.com\/avatar\/ab6ead0932ded5b2446f1718461a6be0d4ec8d3cc15301536fd1add812db4cfd?s=96&d=mm&r=g","contentUrl":"https:\/\/secure.gravatar.com\/avatar\/ab6ead0932ded5b2446f1718461a6be0d4ec8d3cc15301536fd1add812db4cfd?s=96&d=mm&r=g","caption":"inaki"},"url":"https:\/\/eltecolote.org\/content\/author\/inaki\/"}]}},"distributor_meta":false,"distributor_terms":false,"distributor_media":false,"distributor_original_site_name":"El Tecolote","distributor_original_site_url":"https:\/\/eltecolote.org\/content","push-errors":false,"_links":{"self":[{"href":"https:\/\/eltecolote.org\/content\/wp-json\/wp\/v2\/posts\/1200","targetHints":{"allow":["GET"]}}],"collection":[{"href":"https:\/\/eltecolote.org\/content\/wp-json\/wp\/v2\/posts"}],"about":[{"href":"https:\/\/eltecolote.org\/content\/wp-json\/wp\/v2\/types\/post"}],"author":[{"embeddable":true,"href":"https:\/\/eltecolote.org\/content\/wp-json\/wp\/v2\/users\/8"}],"replies":[{"embeddable":true,"href":"https:\/\/eltecolote.org\/content\/wp-json\/wp\/v2\/comments?post=1200"}],"version-history":[{"count":2,"href":"https:\/\/eltecolote.org\/content\/wp-json\/wp\/v2\/posts\/1200\/revisions"}],"predecessor-version":[{"id":1202,"href":"https:\/\/eltecolote.org\/content\/wp-json\/wp\/v2\/posts\/1200\/revisions\/1202"}],"wp:attachment":[{"href":"https:\/\/eltecolote.org\/content\/wp-json\/wp\/v2\/media?parent=1200"}],"wp:term":[{"taxonomy":"category","embeddable":true,"href":"https:\/\/eltecolote.org\/content\/wp-json\/wp\/v2\/categories?post=1200"},{"taxonomy":"post_tag","embeddable":true,"href":"https:\/\/eltecolote.org\/content\/wp-json\/wp\/v2\/tags?post=1200"},{"taxonomy":"author","embeddable":true,"href":"https:\/\/eltecolote.org\/content\/wp-json\/wp\/v2\/coauthors?post=1200"}],"curies":[{"name":"wp","href":"https:\/\/api.w.org\/{rel}","templated":true}]}}