{"id":10893,"date":"2011-10-19T15:19:51","date_gmt":"2011-10-19T22:19:51","guid":{"rendered":"http:\/\/eltecolote.org\/content\/?p=10893"},"modified":"2011-11-16T16:23:21","modified_gmt":"2011-11-16T23:23:21","slug":"nicolas-peredas-universe-mexican-film-dauteaur","status":"publish","type":"post","link":"https:\/\/eltecolote.org\/content\/en\/nicolas-peredas-universe-mexican-film-dauteaur\/","title":{"rendered":"Nicolas Peredas Universe: Mexican Film D&#8217;auteaur"},"content":{"rendered":"<figure id=\"attachment_10924\" aria-describedby=\"caption-attachment-10924\" style=\"width: 600px\" class=\"wp-caption aligncenter\"><a href=\"https:\/\/eltecolote.org\/content\/2011\/10\/el-universo-de-nicolas-pereda-cine-de-autor-mexicano\/film-review_02\/\" rel=\"attachment wp-att-10924\"><img data-recalc-dims=\"1\" loading=\"lazy\" decoding=\"async\" class=\"size-large wp-image-10924\" title=\"Film review_02\" src=\"https:\/\/i0.wp.com\/eltecolote.org\/content\/wp-content\/uploads\/2011\/10\/Film-review_02.jpg?resize=600%2C366&#038;quality=89&#038;ssl=1\" alt=\"\" width=\"600\" height=\"366\" srcset=\"https:\/\/i0.wp.com\/eltecolote.org\/content\/wp-content\/uploads\/2011\/10\/Film-review_02.jpg?resize=600%2C366&amp;quality=89&amp;ssl=1 600w, https:\/\/i0.wp.com\/eltecolote.org\/content\/wp-content\/uploads\/2011\/10\/Film-review_02.jpg?resize=360%2C219&amp;quality=89&amp;ssl=1 360w, https:\/\/i0.wp.com\/eltecolote.org\/content\/wp-content\/uploads\/2011\/10\/Film-review_02.jpg?w=1800&amp;quality=89&amp;ssl=1 1800w\" sizes=\"auto, (max-width: 600px) 100vw, 600px\" \/><\/a><figcaption id=\"caption-attachment-10924\" class=\"wp-caption-text\">El cineasta mexicano Nicol\u00e1s Pereda. Foto cortes\u00eda Yerba Buena Center for the Arts.<\/figcaption><\/figure>\n<p>At only 29, the prolific Mexican director Nicolas Pereda has produced five films already.<\/p>\n<p>As it happens with two of his contemporary Latin American directors\u2013 Carlos Reygadas and the Argentinian director Lucrecia Martel \u2013 Pereda will be having a retrospective of his films in the Yerbabuena Center for the Arts, which he will show throughout the month of October in San Francisco.<\/p>\n<p>Born in Mexico City, Pereda studied film in his home country and later obtained a scholarship to an MFA program in York University in Toronto, Canada. For the past nine years, Pereda has been living between Toronto and Mexico City.<\/p>\n<p>&#8220;Ever since I was 15, I would be recording on a digital camera, all day,&#8221; declared the young director at the International Film Festival in Cartagena de Indias in<br \/>\nColombia last February.<\/p>\n<p>Loved by critics, his films have been shown in film festivals in Cannes (France), Morelia (Mexico), and Valencia (Italy), where he received the award for best film in the Horizontes section for his most recent film, &#8220;El Verano de Goliat,&#8221; in 2010.<\/p>\n<figure id=\"attachment_10929\" aria-describedby=\"caption-attachment-10929\" style=\"width: 405px\" class=\"wp-caption alignright\"><a href=\"https:\/\/eltecolote.org\/content\/2011\/10\/el-universo-de-nicolas-pereda-cine-de-autor-mexicano\/where_are_their_stories-nicolas_pereda-credit_figa_films\/\" rel=\"attachment wp-att-10929\"><img data-recalc-dims=\"1\" loading=\"lazy\" decoding=\"async\" class=\"size-full wp-image-10929\" title=\"Where_Are_Their_Stories-Nicolas_Pereda-credit_FiGa_Films\" src=\"https:\/\/i0.wp.com\/eltecolote.org\/content\/wp-content\/uploads\/2011\/10\/Where_Are_Their_Stories-Nicolas_Pereda-credit_FiGa_Films.jpg?resize=405%2C270&#038;quality=89&#038;ssl=1\" alt=\"\" width=\"405\" height=\"270\" srcset=\"https:\/\/i0.wp.com\/eltecolote.org\/content\/wp-content\/uploads\/2011\/10\/Where_Are_Their_Stories-Nicolas_Pereda-credit_FiGa_Films.jpg?w=600&amp;quality=89&amp;ssl=1 600w, https:\/\/i0.wp.com\/eltecolote.org\/content\/wp-content\/uploads\/2011\/10\/Where_Are_Their_Stories-Nicolas_Pereda-credit_FiGa_Films.jpg?resize=360%2C240&amp;quality=89&amp;ssl=1 360w\" sizes=\"auto, (max-width: 405px) 100vw, 405px\" \/><\/a><figcaption id=\"caption-attachment-10929\" class=\"wp-caption-text\">Imagen de \u201c\u00bfD\u00f3nde est\u00e1n sus historias?\u201d (2007), primera pel\u00edcula realizada por Nicol\u00e1s Pereda. Foto cortes\u00eda FiGa Films.<\/figcaption><\/figure>\n<p>Canada has financed most of his films through public aids to artists. His modest way of shooting has allowed him to create five films in just a few years, because according to him, if he had more money, &#8220;nothing would change in terms of production, I think that money is not seen on the screen,&#8221; and he added that with more money, he would end up paying more to his collaborators. His first film, &#8220;\u00bfD\u00f3nde est\u00e1n sus historias?&#8221; (2007), was made with approximately $30,000.<\/p>\n<p>With a contemplative style and slight narration, Pereda creates a film d&#8217;auteur with a slow unfolding, and he has been compared to the Argentinean Lisandro Alonso and Filipino Raya Mart\u00edn, in the line of contemporary directors who use long static shots, simple scripts, and cross the border between documentary and fiction. The obsessive nature with which he films character&#8217;s displacements evokes Eric Rohmer&#8217;s style, while the frontal static mise en scene evoke Belgian director Chantal Ackerman.<\/p>\n<p>A filmmaker of the quotidian, all of his films are under an hour and a half and work through a series of vignettes that invite the viewer to watch as they simultaneously follow characters who jump from film to film, as is the case with Teresa S\u00e1nchez and Gabino Rodr\u00edguez who appear in most of his films.<\/p>\n<p>Between 2008 and 2009, he made &#8220;Juntos,&#8221; and &#8220;Perpetuum Mobile,&#8221; films that can be watched in progression due to the cross-referencing that exists between them.<\/p>\n<p>Barely following a plot, Pereda portrays the daily existence of his characters, their conversations, behaviors and their uneventful daily lives.<\/p>\n<p>Differing from Reygadas, Pereda&#8217;s films are more immediate and contain elements of documentary, leaving nothing to the imagination of the viewers. Pereda is more<br \/>\nof an entomologist than an academic. Living between Toronto and Mexico City most likely infused him his depictions with a distance and almost formal way of seeing his home country. However, his professionalism does not cease to capture the every day of his films.<\/p>\n<p>So you can have an idea, the spectator will be able to find static shots of a character pealing an orange for a minute and a half, or looking directly at the camera, with an<br \/>\noff screen voice. &#8220;When I imagine a scene, I am writing it and I already have an idea of what it will be like. It&#8217;s like an understanding that things will work out this way,&#8221;<br \/>\nPereda explained.<\/p>\n<p>His most recent production, &#8220;Verano de Goliat,&#8221; (2010), and &#8220;\u00bfD\u00f3nde est\u00e1n sus historias&#8221; are perhaps the ones that have the most social backdrop, by touching upon issues of violence, family neglect and poverty. But again, his professionalism colors the films in a formalism that makes them weaver between documentary and fiction. The frankness of characters in front of the camera and the realism of the<br \/>\ndialogue contrasts with the mise en scene of the films.<\/p>\n<p>His work involves non-professional actors. &#8220;I simply give them a script and it&#8217;s like a game, I have worked with kids before, and it&#8217;s all like a continuing game,&#8221; he said.<\/p>\n<p>It is as if he had communicated the idea to the actors, and they had freely developed it in front of the camera. Pereda explained further that, &#8220;the relationship with actors, is very much like relationships with people. I don&#8217;t understand books to direct actors, because they are like manuals to direct computers, to direct them like puppets. Basically, you want them to do whatever it is you want, and with everyday people, it&#8217;s the same thing, we want people to do things for us all the time, and it&#8217;s a different thing to ask a father or a friend for the favor.&#8221;<\/p>\n<p>&#8220;Todo, en fin, el silencio lo ocupaba&#8221; (2010) is his only documentary so far, and probably his most formal work, with a mise en scene orchestrated to the poem &#8220;Primer sue\u00f1o&#8221; by Sor Juana In\u00e9s de la Cruz, by his favorite actress, Jesusa<br \/>\nRodr\u00edguez.<\/p>\n<p>His only short film, &#8220;Entrevista con la tierra,&#8221; is a fascinating study on the internal pain that the death of a child causes and how it affects the lives of his family and friends.<\/p>\n<p>His new project it titled, &#8220;Los mejores temas,&#8221; with which he hopes to end the cycle of fictional characters he has created.<\/p>\n<p>Although Pereda&#8217;s universe gravitates around the circuit of festivals and museum retrospectives, his work is sufficiently accessible for the general public, for the<br \/>\nfreshness of his dialogues and the vernacular Mexican language. Although his films contain artistry, they are not overly academic or elitist, and belong outside of just museum exhibits and intellectual circles.<\/p>\n<p><em>Translated by Alejandra Cu\u00e9llar<\/em><\/p>\n","protected":false},"excerpt":{"rendered":"<p>At only 29, the prolific Mexican director Nicolas Pereda has produced five films already. As it happens with two of his contemporary Latin American directors\u2013 Carlos Reygadas and the Argentinian director Lucrecia Martel \u2013 Pereda will be having a retrospective of his films in the Yerba Buena Center for the Arts, which he will show throughout the month of October in San Francisco.<\/p>\n","protected":false},"author":88891,"featured_media":0,"comment_status":"open","ping_status":"open","sticky":false,"template":"","format":"standard","meta":{"newspack_popups_has_disabled_popups":false,"newspack_featured_image_position":"","newspack_post_subtitle":"","newspack_article_summary_title":"Overview:","newspack_article_summary":"","newspack_hide_updated_date":false,"newspack_show_updated_date":false,"footnotes":""},"categories":[7],"tags":[1308,65,1307],"coauthors":[18460,18445],"class_list":["post-10893","post","type-post","status-publish","format-standard","hentry","category-news","tag-el-verano-de-goliat","tag-film","tag-nicolas-peredas","entry"],"yoast_head":"<!-- This site is optimized with the Yoast SEO plugin v27.4 - https:\/\/yoast.com\/product\/yoast-seo-wordpress\/ -->\n<title>Nicolas Peredas Universe: Mexican Film D&#039;auteaur - El Tecolote<\/title>\n<meta name=\"description\" content=\"At only 29, the prolific Mexican director Nicolas Pereda has produced five films already. As it happens with two of his contemporary Latin American directors\u2013 Carlos Reygadas and the Argentinian director Lucrecia Martel \u2013 Pereda will be having a retrospective of his films in the Yerba Buena Center for the Arts, which he will show throughout the month of October in San Francisco.\" \/>\n<meta name=\"robots\" content=\"index, follow, max-snippet:-1, max-image-preview:large, max-video-preview:-1\" \/>\n<link rel=\"canonical\" href=\"https:\/\/eltecolote.org\/content\/en\/nicolas-peredas-universe-mexican-film-dauteaur\/\" \/>\n<meta property=\"og:locale\" content=\"en_US\" \/>\n<meta property=\"og:type\" content=\"article\" \/>\n<meta property=\"og:title\" content=\"Nicolas Peredas Universe: Mexican Film D&#039;auteaur - El Tecolote\" \/>\n<meta property=\"og:description\" content=\"At only 29, the prolific Mexican director Nicolas Pereda has produced five films already. As it happens with two of his contemporary Latin American directors\u2013 Carlos Reygadas and the Argentinian director Lucrecia Martel \u2013 Pereda will be having a retrospective of his films in the Yerba Buena Center for the Arts, which he will show throughout the month of October in San Francisco.\" \/>\n<meta property=\"og:url\" content=\"https:\/\/eltecolote.org\/content\/en\/nicolas-peredas-universe-mexican-film-dauteaur\/\" \/>\n<meta property=\"og:site_name\" content=\"El Tecolote\" \/>\n<meta property=\"article:publisher\" content=\"https:\/\/www.facebook.com\/ElTecoloteSF\/\" \/>\n<meta property=\"article:published_time\" content=\"2011-10-19T22:19:51+00:00\" \/>\n<meta property=\"article:modified_time\" content=\"2011-11-16T23:23:21+00:00\" \/>\n<meta property=\"og:image\" content=\"http:\/\/eltecolote.org\/content\/wp-content\/uploads\/2011\/10\/Film-review_02-600x366.jpg\" \/>\n<meta name=\"author\" content=\"El Tecolote Staff, El Tecolote Staff\" \/>\n<meta name=\"twitter:card\" content=\"summary_large_image\" \/>\n<meta name=\"twitter:creator\" content=\"@eltecolotesf\" \/>\n<meta name=\"twitter:site\" content=\"@eltecolotesf\" \/>\n<meta name=\"twitter:label1\" content=\"Written by\" \/>\n\t<meta name=\"twitter:data1\" content=\"El Tecolote Staff, El Tecolote Staff\" \/>\n\t<meta name=\"twitter:label2\" content=\"Est. reading time\" \/>\n\t<meta name=\"twitter:data2\" content=\"5 minutes\" \/>\n<script type=\"application\/ld+json\" class=\"yoast-schema-graph\">{\"@context\":\"https:\\\/\\\/schema.org\",\"@graph\":[{\"@type\":\"NewsArticle\",\"@id\":\"https:\\\/\\\/eltecolote.org\\\/content\\\/en\\\/nicolas-peredas-universe-mexican-film-dauteaur\\\/#article\",\"isPartOf\":{\"@id\":\"https:\\\/\\\/eltecolote.org\\\/content\\\/en\\\/nicolas-peredas-universe-mexican-film-dauteaur\\\/\"},\"author\":{\"name\":\"El Tecolote Staff\",\"@id\":\"https:\\\/\\\/eltecolote.org\\\/content\\\/#\\\/schema\\\/person\\\/ac6a772a1de69bbd20ed3c16c65767fb\"},\"headline\":\"Nicolas Peredas Universe: Mexican Film D&#8217;auteaur\",\"datePublished\":\"2011-10-19T22:19:51+00:00\",\"dateModified\":\"2011-11-16T23:23:21+00:00\",\"mainEntityOfPage\":{\"@id\":\"https:\\\/\\\/eltecolote.org\\\/content\\\/en\\\/nicolas-peredas-universe-mexican-film-dauteaur\\\/\"},\"wordCount\":1016,\"commentCount\":0,\"publisher\":{\"@id\":\"https:\\\/\\\/eltecolote.org\\\/content\\\/#organization\"},\"image\":{\"@id\":\"https:\\\/\\\/eltecolote.org\\\/content\\\/en\\\/nicolas-peredas-universe-mexican-film-dauteaur\\\/#primaryimage\"},\"thumbnailUrl\":\"http:\\\/\\\/eltecolote.org\\\/content\\\/wp-content\\\/uploads\\\/2011\\\/10\\\/Film-review_02-600x366.jpg\",\"keywords\":[\"El Verano de Goliat\",\"film\",\"Nicolas Peredas\"],\"articleSection\":[\"News\"],\"inLanguage\":\"en\",\"potentialAction\":[{\"@type\":\"CommentAction\",\"name\":\"Comment\",\"target\":[\"https:\\\/\\\/eltecolote.org\\\/content\\\/en\\\/nicolas-peredas-universe-mexican-film-dauteaur\\\/#respond\"]}]},{\"@type\":\"WebPage\",\"@id\":\"https:\\\/\\\/eltecolote.org\\\/content\\\/en\\\/nicolas-peredas-universe-mexican-film-dauteaur\\\/\",\"url\":\"https:\\\/\\\/eltecolote.org\\\/content\\\/en\\\/nicolas-peredas-universe-mexican-film-dauteaur\\\/\",\"name\":\"Nicolas Peredas Universe: Mexican Film D'auteaur - El Tecolote\",\"isPartOf\":{\"@id\":\"https:\\\/\\\/eltecolote.org\\\/content\\\/#website\"},\"primaryImageOfPage\":{\"@id\":\"https:\\\/\\\/eltecolote.org\\\/content\\\/en\\\/nicolas-peredas-universe-mexican-film-dauteaur\\\/#primaryimage\"},\"image\":{\"@id\":\"https:\\\/\\\/eltecolote.org\\\/content\\\/en\\\/nicolas-peredas-universe-mexican-film-dauteaur\\\/#primaryimage\"},\"thumbnailUrl\":\"http:\\\/\\\/eltecolote.org\\\/content\\\/wp-content\\\/uploads\\\/2011\\\/10\\\/Film-review_02-600x366.jpg\",\"datePublished\":\"2011-10-19T22:19:51+00:00\",\"dateModified\":\"2011-11-16T23:23:21+00:00\",\"description\":\"At only 29, the prolific Mexican director Nicolas Pereda has produced five films already. As it happens with two of his contemporary Latin American directors\u2013 Carlos Reygadas and the Argentinian director Lucrecia Martel \u2013 Pereda will be having a retrospective of his films in the Yerba Buena Center for the Arts, which he will show throughout the month of October in San Francisco.\",\"inLanguage\":\"en\",\"potentialAction\":[{\"@type\":\"ReadAction\",\"target\":[\"https:\\\/\\\/eltecolote.org\\\/content\\\/en\\\/nicolas-peredas-universe-mexican-film-dauteaur\\\/\"]}]},{\"@type\":\"ImageObject\",\"inLanguage\":\"en\",\"@id\":\"https:\\\/\\\/eltecolote.org\\\/content\\\/en\\\/nicolas-peredas-universe-mexican-film-dauteaur\\\/#primaryimage\",\"url\":\"http:\\\/\\\/eltecolote.org\\\/content\\\/wp-content\\\/uploads\\\/2011\\\/10\\\/Film-review_02-600x366.jpg\",\"contentUrl\":\"http:\\\/\\\/eltecolote.org\\\/content\\\/wp-content\\\/uploads\\\/2011\\\/10\\\/Film-review_02-600x366.jpg\"},{\"@type\":\"WebSite\",\"@id\":\"https:\\\/\\\/eltecolote.org\\\/content\\\/#website\",\"url\":\"https:\\\/\\\/eltecolote.org\\\/content\\\/\",\"name\":\"El Tecolote\",\"description\":\"San Francisco's Latinx newspaper since 1970\",\"publisher\":{\"@id\":\"https:\\\/\\\/eltecolote.org\\\/content\\\/#organization\"},\"potentialAction\":[{\"@type\":\"SearchAction\",\"target\":{\"@type\":\"EntryPoint\",\"urlTemplate\":\"https:\\\/\\\/eltecolote.org\\\/content\\\/?s={search_term_string}\"},\"query-input\":{\"@type\":\"PropertyValueSpecification\",\"valueRequired\":true,\"valueName\":\"search_term_string\"}}],\"inLanguage\":\"en\"},{\"@type\":\"Organization\",\"@id\":\"https:\\\/\\\/eltecolote.org\\\/content\\\/#organization\",\"name\":\"El Tecolote\",\"url\":\"https:\\\/\\\/eltecolote.org\\\/content\\\/\",\"logo\":{\"@type\":\"ImageObject\",\"inLanguage\":\"en\",\"@id\":\"https:\\\/\\\/eltecolote.org\\\/content\\\/#\\\/schema\\\/logo\\\/image\\\/\",\"url\":\"https:\\\/\\\/i0.wp.com\\\/eltecolote.org\\\/content\\\/wp-content\\\/uploads\\\/2021\\\/05\\\/ETlogo-1.jpg?fit=400%2C400&ssl=1\",\"contentUrl\":\"https:\\\/\\\/i0.wp.com\\\/eltecolote.org\\\/content\\\/wp-content\\\/uploads\\\/2021\\\/05\\\/ETlogo-1.jpg?fit=400%2C400&ssl=1\",\"width\":400,\"height\":400,\"caption\":\"El Tecolote\"},\"image\":{\"@id\":\"https:\\\/\\\/eltecolote.org\\\/content\\\/#\\\/schema\\\/logo\\\/image\\\/\"},\"sameAs\":[\"https:\\\/\\\/www.facebook.com\\\/ElTecoloteSF\\\/\",\"https:\\\/\\\/x.com\\\/eltecolotesf\",\"https:\\\/\\\/www.instagram.com\\\/eltecolotesf\\\/\"]},{\"@type\":\"Person\",\"@id\":\"https:\\\/\\\/eltecolote.org\\\/content\\\/#\\\/schema\\\/person\\\/ac6a772a1de69bbd20ed3c16c65767fb\",\"name\":\"El Tecolote Staff\",\"image\":{\"@type\":\"ImageObject\",\"inLanguage\":\"en\",\"@id\":\"https:\\\/\\\/secure.gravatar.com\\\/avatar\\\/d9253f3d56b5274b84d2ab5d82b5df69836596d31a36544e5630bd4f48c26ada?s=96&d=mm&r=gb71cc61ef8798fc3c1c985862dbc263e\",\"url\":\"https:\\\/\\\/secure.gravatar.com\\\/avatar\\\/d9253f3d56b5274b84d2ab5d82b5df69836596d31a36544e5630bd4f48c26ada?s=96&d=mm&r=g\",\"contentUrl\":\"https:\\\/\\\/secure.gravatar.com\\\/avatar\\\/d9253f3d56b5274b84d2ab5d82b5df69836596d31a36544e5630bd4f48c26ada?s=96&d=mm&r=g\",\"caption\":\"El Tecolote Staff\"},\"url\":\"https:\\\/\\\/eltecolote.org\\\/content\\\/author\\\/eltecolote\\\/\"}]}<\/script>\n<!-- \/ Yoast SEO plugin. -->","yoast_head_json":{"title":"Nicolas Peredas Universe: Mexican Film D'auteaur - El Tecolote","description":"At only 29, the prolific Mexican director Nicolas Pereda has produced five films already. As it happens with two of his contemporary Latin American directors\u2013 Carlos Reygadas and the Argentinian director Lucrecia Martel \u2013 Pereda will be having a retrospective of his films in the Yerba Buena Center for the Arts, which he will show throughout the month of October in San Francisco.","robots":{"index":"index","follow":"follow","max-snippet":"max-snippet:-1","max-image-preview":"max-image-preview:large","max-video-preview":"max-video-preview:-1"},"canonical":"https:\/\/eltecolote.org\/content\/en\/nicolas-peredas-universe-mexican-film-dauteaur\/","og_locale":"en_US","og_type":"article","og_title":"Nicolas Peredas Universe: Mexican Film D'auteaur - El Tecolote","og_description":"At only 29, the prolific Mexican director Nicolas Pereda has produced five films already. As it happens with two of his contemporary Latin American directors\u2013 Carlos Reygadas and the Argentinian director Lucrecia Martel \u2013 Pereda will be having a retrospective of his films in the Yerba Buena Center for the Arts, which he will show throughout the month of October in San Francisco.","og_url":"https:\/\/eltecolote.org\/content\/en\/nicolas-peredas-universe-mexican-film-dauteaur\/","og_site_name":"El Tecolote","article_publisher":"https:\/\/www.facebook.com\/ElTecoloteSF\/","article_published_time":"2011-10-19T22:19:51+00:00","article_modified_time":"2011-11-16T23:23:21+00:00","og_image":[{"url":"http:\/\/eltecolote.org\/content\/wp-content\/uploads\/2011\/10\/Film-review_02-600x366.jpg","type":"","width":"","height":""}],"author":"El Tecolote Staff, El Tecolote Staff","twitter_card":"summary_large_image","twitter_creator":"@eltecolotesf","twitter_site":"@eltecolotesf","twitter_misc":{"Written by":"El Tecolote Staff, El Tecolote Staff","Est. reading time":"5 minutes"},"schema":{"@context":"https:\/\/schema.org","@graph":[{"@type":"NewsArticle","@id":"https:\/\/eltecolote.org\/content\/en\/nicolas-peredas-universe-mexican-film-dauteaur\/#article","isPartOf":{"@id":"https:\/\/eltecolote.org\/content\/en\/nicolas-peredas-universe-mexican-film-dauteaur\/"},"author":{"name":"El Tecolote Staff","@id":"https:\/\/eltecolote.org\/content\/#\/schema\/person\/ac6a772a1de69bbd20ed3c16c65767fb"},"headline":"Nicolas Peredas Universe: Mexican Film D&#8217;auteaur","datePublished":"2011-10-19T22:19:51+00:00","dateModified":"2011-11-16T23:23:21+00:00","mainEntityOfPage":{"@id":"https:\/\/eltecolote.org\/content\/en\/nicolas-peredas-universe-mexican-film-dauteaur\/"},"wordCount":1016,"commentCount":0,"publisher":{"@id":"https:\/\/eltecolote.org\/content\/#organization"},"image":{"@id":"https:\/\/eltecolote.org\/content\/en\/nicolas-peredas-universe-mexican-film-dauteaur\/#primaryimage"},"thumbnailUrl":"http:\/\/eltecolote.org\/content\/wp-content\/uploads\/2011\/10\/Film-review_02-600x366.jpg","keywords":["El Verano de Goliat","film","Nicolas Peredas"],"articleSection":["News"],"inLanguage":"en","potentialAction":[{"@type":"CommentAction","name":"Comment","target":["https:\/\/eltecolote.org\/content\/en\/nicolas-peredas-universe-mexican-film-dauteaur\/#respond"]}]},{"@type":"WebPage","@id":"https:\/\/eltecolote.org\/content\/en\/nicolas-peredas-universe-mexican-film-dauteaur\/","url":"https:\/\/eltecolote.org\/content\/en\/nicolas-peredas-universe-mexican-film-dauteaur\/","name":"Nicolas Peredas Universe: Mexican Film D'auteaur - El Tecolote","isPartOf":{"@id":"https:\/\/eltecolote.org\/content\/#website"},"primaryImageOfPage":{"@id":"https:\/\/eltecolote.org\/content\/en\/nicolas-peredas-universe-mexican-film-dauteaur\/#primaryimage"},"image":{"@id":"https:\/\/eltecolote.org\/content\/en\/nicolas-peredas-universe-mexican-film-dauteaur\/#primaryimage"},"thumbnailUrl":"http:\/\/eltecolote.org\/content\/wp-content\/uploads\/2011\/10\/Film-review_02-600x366.jpg","datePublished":"2011-10-19T22:19:51+00:00","dateModified":"2011-11-16T23:23:21+00:00","description":"At only 29, the prolific Mexican director Nicolas Pereda has produced five films already. As it happens with two of his contemporary Latin American directors\u2013 Carlos Reygadas and the Argentinian director Lucrecia Martel \u2013 Pereda will be having a retrospective of his films in the Yerba Buena Center for the Arts, which he will show throughout the month of October in San Francisco.","inLanguage":"en","potentialAction":[{"@type":"ReadAction","target":["https:\/\/eltecolote.org\/content\/en\/nicolas-peredas-universe-mexican-film-dauteaur\/"]}]},{"@type":"ImageObject","inLanguage":"en","@id":"https:\/\/eltecolote.org\/content\/en\/nicolas-peredas-universe-mexican-film-dauteaur\/#primaryimage","url":"http:\/\/eltecolote.org\/content\/wp-content\/uploads\/2011\/10\/Film-review_02-600x366.jpg","contentUrl":"http:\/\/eltecolote.org\/content\/wp-content\/uploads\/2011\/10\/Film-review_02-600x366.jpg"},{"@type":"WebSite","@id":"https:\/\/eltecolote.org\/content\/#website","url":"https:\/\/eltecolote.org\/content\/","name":"El Tecolote","description":"San Francisco's Latinx newspaper since 1970","publisher":{"@id":"https:\/\/eltecolote.org\/content\/#organization"},"potentialAction":[{"@type":"SearchAction","target":{"@type":"EntryPoint","urlTemplate":"https:\/\/eltecolote.org\/content\/?s={search_term_string}"},"query-input":{"@type":"PropertyValueSpecification","valueRequired":true,"valueName":"search_term_string"}}],"inLanguage":"en"},{"@type":"Organization","@id":"https:\/\/eltecolote.org\/content\/#organization","name":"El Tecolote","url":"https:\/\/eltecolote.org\/content\/","logo":{"@type":"ImageObject","inLanguage":"en","@id":"https:\/\/eltecolote.org\/content\/#\/schema\/logo\/image\/","url":"https:\/\/i0.wp.com\/eltecolote.org\/content\/wp-content\/uploads\/2021\/05\/ETlogo-1.jpg?fit=400%2C400&ssl=1","contentUrl":"https:\/\/i0.wp.com\/eltecolote.org\/content\/wp-content\/uploads\/2021\/05\/ETlogo-1.jpg?fit=400%2C400&ssl=1","width":400,"height":400,"caption":"El Tecolote"},"image":{"@id":"https:\/\/eltecolote.org\/content\/#\/schema\/logo\/image\/"},"sameAs":["https:\/\/www.facebook.com\/ElTecoloteSF\/","https:\/\/x.com\/eltecolotesf","https:\/\/www.instagram.com\/eltecolotesf\/"]},{"@type":"Person","@id":"https:\/\/eltecolote.org\/content\/#\/schema\/person\/ac6a772a1de69bbd20ed3c16c65767fb","name":"El Tecolote Staff","image":{"@type":"ImageObject","inLanguage":"en","@id":"https:\/\/secure.gravatar.com\/avatar\/d9253f3d56b5274b84d2ab5d82b5df69836596d31a36544e5630bd4f48c26ada?s=96&d=mm&r=gb71cc61ef8798fc3c1c985862dbc263e","url":"https:\/\/secure.gravatar.com\/avatar\/d9253f3d56b5274b84d2ab5d82b5df69836596d31a36544e5630bd4f48c26ada?s=96&d=mm&r=g","contentUrl":"https:\/\/secure.gravatar.com\/avatar\/d9253f3d56b5274b84d2ab5d82b5df69836596d31a36544e5630bd4f48c26ada?s=96&d=mm&r=g","caption":"El Tecolote Staff"},"url":"https:\/\/eltecolote.org\/content\/author\/eltecolote\/"}]}},"distributor_meta":false,"distributor_terms":false,"distributor_media":false,"distributor_original_site_name":"El Tecolote","distributor_original_site_url":"https:\/\/eltecolote.org\/content","push-errors":false,"_links":{"self":[{"href":"https:\/\/eltecolote.org\/content\/wp-json\/wp\/v2\/posts\/10893","targetHints":{"allow":["GET"]}}],"collection":[{"href":"https:\/\/eltecolote.org\/content\/wp-json\/wp\/v2\/posts"}],"about":[{"href":"https:\/\/eltecolote.org\/content\/wp-json\/wp\/v2\/types\/post"}],"author":[{"embeddable":true,"href":"https:\/\/eltecolote.org\/content\/wp-json\/wp\/v2\/users\/88891"}],"replies":[{"embeddable":true,"href":"https:\/\/eltecolote.org\/content\/wp-json\/wp\/v2\/comments?post=10893"}],"version-history":[{"count":14,"href":"https:\/\/eltecolote.org\/content\/wp-json\/wp\/v2\/posts\/10893\/revisions"}],"predecessor-version":[{"id":11562,"href":"https:\/\/eltecolote.org\/content\/wp-json\/wp\/v2\/posts\/10893\/revisions\/11562"}],"wp:attachment":[{"href":"https:\/\/eltecolote.org\/content\/wp-json\/wp\/v2\/media?parent=10893"}],"wp:term":[{"taxonomy":"category","embeddable":true,"href":"https:\/\/eltecolote.org\/content\/wp-json\/wp\/v2\/categories?post=10893"},{"taxonomy":"post_tag","embeddable":true,"href":"https:\/\/eltecolote.org\/content\/wp-json\/wp\/v2\/tags?post=10893"},{"taxonomy":"author","embeddable":true,"href":"https:\/\/eltecolote.org\/content\/wp-json\/wp\/v2\/coauthors?post=10893"}],"curies":[{"name":"wp","href":"https:\/\/api.w.org\/{rel}","templated":true}]}}