{"id":10425,"date":"2011-09-11T14:30:07","date_gmt":"2011-09-11T21:30:07","guid":{"rendered":"http:\/\/eltecolote.org\/content\/?p=10425"},"modified":"2011-09-11T14:31:54","modified_gmt":"2011-09-11T21:31:54","slug":"cinemas-enfatiza-cultura-latina","status":"publish","type":"post","link":"https:\/\/eltecolote.org\/content\/en\/cinemas-enfatiza-cultura-latina\/","title":{"rendered":"Cine+Mas enfatiza cultura latina"},"content":{"rendered":"<figure id=\"attachment_10422\" aria-describedby=\"caption-attachment-10422\" style=\"width: 700px\" class=\"wp-caption alignnone\"><a rel=\"attachment wp-att-10422\" href=\"https:\/\/eltecolote.org\/content\/?attachment_id=10422\"><img data-recalc-dims=\"1\" loading=\"lazy\" decoding=\"async\" class=\"size-full wp-image-10422 \" title=\"Latino-Film-Fest_02\" src=\"https:\/\/i0.wp.com\/eltecolote.org\/content\/wp-content\/uploads\/2011\/09\/Latino-Film-Fest_02.gif?resize=700%2C465&#038;ssl=1\" alt=\"\" width=\"700\" height=\"465\" srcset=\"https:\/\/i0.wp.com\/eltecolote.org\/content\/wp-content\/uploads\/2011\/09\/Latino-Film-Fest_02.gif?w=700&amp;ssl=1 700w, https:\/\/i0.wp.com\/eltecolote.org\/content\/wp-content\/uploads\/2011\/09\/Latino-Film-Fest_02.gif?resize=600%2C398&amp;ssl=1 600w, https:\/\/i0.wp.com\/eltecolote.org\/content\/wp-content\/uploads\/2011\/09\/Latino-Film-Fest_02.gif?resize=360%2C239&amp;ssl=1 360w\" sizes=\"auto, (max-width: 700px) 100vw, 700px\" \/><\/a><figcaption id=\"caption-attachment-10422\" class=\"wp-caption-text\">Una vistafija de la pelicula \u201cEl Infierno.\u201d La pelicula ser\u00e1 presentada el 17 de septiembre a las 8 p.m. en el Landmark Opera Cinema. Photo Courtesy \u201cEl Infierno\u201d<\/figcaption><\/figure>\n<p>Para la mayor\u00eda de aficionados del cine no resulta f\u00e1cil asistir a festivales famosos como los de Telluride y Venecia, pero residentes del \u00e1rea de la bah\u00eda tendr\u00e1n la oportunidad de ver hasta veinte emocionantes y socialmente relevantes pel\u00edculas realizadas por variedad de cineastas durante el San Francisco Latino Film Festival del 2011, que comenzar\u00e1 la semana que viene.<\/p>\n<p>Inmediatamente despu\u00e9s del National Hispanic Heritage Month (que comienza el 14 de septiembre), este a\u00f1o, tercer festival anual, presentado por Cine+Mas, se iniciar\u00e1 el jueves, 16 de septiembre , y continuar\u00e1 hasta el 25 de septiembre. \u201cBeing: Caf\u00e9 Tacuba\u201d, documental sobre los populares roqueros Mexicanos, ser\u00e1 la primer pel\u00edcula del festival.<\/p>\n<p>\u201cTerminamos con una fant\u00e1stica mezcla de talento local, internacional y de los EE.UU.\u201d, dijo Lucho Ram\u00edrez, director ejecutivo y uno de los fundadores del festival. \u201cS\u00ed nos fijamos en que nos llegaron muchos distintos tipos de comedias y en que una gran cantidad de las pel\u00edculas son de cineastas primerizos, los cuales se han estrenado como cineastas de largometrajes y que bastantes de ellos son mujeres\u201d.<\/p>\n<p>Una de \u00e9stas mujeres es Fina Torres, directora venezolana de la comedia rom\u00e1ntica \u201cHabana Eva\u201d, que trata de una joven costurera cubana envuelta en un tri\u00e1ngulo de amor en la Cuba de hoy, d\u00f3nde la incertidumbre de su futuro domina la historia.<br \/>\nOtra pel\u00edcula memorable es \u201cHell\u201d, comedia oscura y subversiva sobre c\u00f3mo el narcotr\u00e1fico ha infectado la sociedad mexicana. La historia gira alrededor de un jornalero ingenuo que, despu\u00e9s de haber estado en los EE.UU. por muchos a\u00f1os, es deportado y vuelve a su ciudad natal d\u00f3nde descubre que todos\u2014incluso abuelitas buenas\u2014est\u00e1n involucrados descaradamente en el narcotr\u00e1fico.<\/p>\n<p>La pel\u00edcula, dirigida por Luis Estrada, se estren\u00f3 en M\u00e9xico a prop\u00f3sito del 90 aniversario de la independencia del pa\u00eds, y tuvo \u00e9xito de cr\u00edtica y comercial.<\/p>\n<p>\u201cF*** My Life\u201d, pel\u00edcula chilena del director Nicol\u00e1s L\u00f3pez, es otra comedia rom\u00e1ntica que proyectar\u00e1n en el festival. Se enfoca en la dificultad de romper y desconectarse de relaciones en la edad de mensajes de texto, Facebook, u otras redes de sociales.<\/p>\n<p>\u201cEs una pel\u00edcula amena, pero tambi\u00e9n presentaron la pel\u00edcula por Twitter, as\u00ed que es como la vida imitando el arte, imitando la vida de nuevo\u201d, dijo Ram\u00edrez.<\/p>\n<p>Documentales memorables incluyen \u201cThe Open Sky\u201d, que trata de la vida del Arzobispo Romero en El Salvador; \u201cBlattangelus\u201d, sobre un hombre gay que cre\u00f3 una iglesia para homosexuales en un M\u00e9xico profundamente cat\u00f3lico; y \u201cLa Isla \u2013 Archives of Tragedy\u201d, de encargos de archivos forenses que documentaron los genocidios en Guatemala.<\/p>\n<p>El talento local de rodaje ser\u00e1 representado por \u201cMLK Jr. Way\u201d, una pel\u00edcula no convencional y narrada sin gui\u00f3n, dirigida por Eliseo Cabrera, Kara Cohen y Erik Stinson sobre un grupo de j\u00f3venes latinos vagos que viven una vida bohemia en Oakland.<\/p>\n<p>Por supuesto, hay mucho m\u00e1s y Ram\u00edrez asegura que este a\u00f1o hay muchas opciones a elegir por parte de los aficionados del cine.<\/p>\n<p>\u201cHay mucho talento aqu\u00ed. Es importante contar a nuestra comunidad que hay distintos puntos de vista y que, en parte, es de esto de lo que se trata el festival de cine latino\u201d, dijo Ram\u00edrez. \u201cEsto es un beneficio a la comunidad al igual que ir a una galer\u00eda, a un museo o a cualquier otro evento cultural, pues es un aprecio al cine como forma de arte\u2014un poco m\u00e1s all\u00e1 del escapismo\u201d.<\/p>\n<p>Para m\u00e1s informaci\u00f3n sobre horarios y boletos, visite el sitio Web del SF Latino Film Festival: <a href=\"http:\/\/www.sflatinofilmfestival.com\">http:\/\/www.sflatinofilmfestival.com<\/a>.<br \/>\n<em><br \/>\n\u2014Traducci\u00f3n Gloria Alonzo<\/em><\/p>\n","protected":false},"excerpt":{"rendered":"<p>Para la mayor\u00eda de aficionados del cine no resulta f\u00e1cil asistir a festivales famosos como los de Telluride y Venecia, pero residentes del \u00e1rea de la bah\u00eda tendr\u00e1n la oportunidad de ver hasta veinte emocionantes y socialmente relevantes pel\u00edculas realizadas por variedad de cineastas durante el San Francisco Latino Film Festival del 2011, que comenzar\u00e1 la semana que viene.<\/p>\n","protected":false},"author":88891,"featured_media":0,"comment_status":"open","ping_status":"open","sticky":false,"template":"","format":"standard","meta":{"newspack_popups_has_disabled_popups":false,"newspack_featured_image_position":"","newspack_post_subtitle":"","newspack_article_summary_title":"Overview:","newspack_article_summary":"","newspack_hide_updated_date":false,"newspack_show_updated_date":false,"footnotes":""},"categories":[7],"tags":[1240,1238,1244,1241,1243,1239,1242],"coauthors":[18460,18445],"class_list":["post-10425","post","type-post","status-publish","format-standard","hentry","category-news","tag-being-cafe-tacuba","tag-cinemas","tag-f-my-life","tag-fina-torres","tag-habana-eva","tag-san-francisco-latino-film-festival","tag-the-open-sky","entry"],"yoast_head":"<!-- This site is optimized with the Yoast SEO plugin v27.4 - https:\/\/yoast.com\/product\/yoast-seo-wordpress\/ -->\n<title>Cine+Mas enfatiza cultura latina - El Tecolote<\/title>\n<meta name=\"description\" content=\"Para la mayor\u00eda de aficionados del cine no resulta f\u00e1cil asistir a festivales famosos como los de Telluride y Venecia, pero residentes del \u00e1rea de la bah\u00eda tendr\u00e1n la oportunidad de ver hasta veinte emocionantes y socialmente relevantes pel\u00edculas realizadas por variedad de cineastas durante el San Francisco Latino Film Festival del 2011, que comenzar\u00e1 la semana que viene.\" \/>\n<meta name=\"robots\" content=\"index, follow, max-snippet:-1, max-image-preview:large, max-video-preview:-1\" \/>\n<link rel=\"canonical\" href=\"https:\/\/eltecolote.org\/content\/en\/cinemas-enfatiza-cultura-latina\/\" \/>\n<meta property=\"og:locale\" content=\"en_US\" \/>\n<meta property=\"og:type\" content=\"article\" \/>\n<meta property=\"og:title\" content=\"Cine+Mas enfatiza cultura latina - El Tecolote\" \/>\n<meta property=\"og:description\" content=\"Para la mayor\u00eda de aficionados del cine no resulta f\u00e1cil asistir a festivales famosos como los de Telluride y Venecia, pero residentes del \u00e1rea de la bah\u00eda tendr\u00e1n la oportunidad de ver hasta veinte emocionantes y socialmente relevantes pel\u00edculas realizadas por variedad de cineastas durante el San Francisco Latino Film Festival del 2011, que comenzar\u00e1 la semana que viene.\" \/>\n<meta property=\"og:url\" content=\"https:\/\/eltecolote.org\/content\/en\/cinemas-enfatiza-cultura-latina\/\" \/>\n<meta property=\"og:site_name\" content=\"El Tecolote\" \/>\n<meta property=\"article:publisher\" content=\"https:\/\/www.facebook.com\/ElTecoloteSF\/\" \/>\n<meta property=\"article:published_time\" content=\"2011-09-11T21:30:07+00:00\" \/>\n<meta property=\"article:modified_time\" content=\"2011-09-11T21:31:54+00:00\" \/>\n<meta property=\"og:image\" content=\"http:\/\/eltecolote.org\/content\/wp-content\/uploads\/2011\/09\/Latino-Film-Fest_02.gif\" \/>\n<meta name=\"author\" content=\"El Tecolote Staff, El Tecolote Staff\" \/>\n<meta name=\"twitter:card\" content=\"summary_large_image\" \/>\n<meta name=\"twitter:creator\" content=\"@eltecolotesf\" \/>\n<meta name=\"twitter:site\" content=\"@eltecolotesf\" \/>\n<meta name=\"twitter:label1\" content=\"Written by\" \/>\n\t<meta name=\"twitter:data1\" content=\"El Tecolote Staff, El Tecolote Staff\" \/>\n\t<meta name=\"twitter:label2\" content=\"Est. reading time\" \/>\n\t<meta name=\"twitter:data2\" content=\"3 minutes\" \/>\n<script type=\"application\/ld+json\" class=\"yoast-schema-graph\">{\"@context\":\"https:\\\/\\\/schema.org\",\"@graph\":[{\"@type\":\"NewsArticle\",\"@id\":\"https:\\\/\\\/eltecolote.org\\\/content\\\/en\\\/cinemas-enfatiza-cultura-latina\\\/#article\",\"isPartOf\":{\"@id\":\"https:\\\/\\\/eltecolote.org\\\/content\\\/en\\\/cinemas-enfatiza-cultura-latina\\\/\"},\"author\":{\"name\":\"El Tecolote Staff\",\"@id\":\"https:\\\/\\\/eltecolote.org\\\/content\\\/#\\\/schema\\\/person\\\/ac6a772a1de69bbd20ed3c16c65767fb\"},\"headline\":\"Cine+Mas enfatiza cultura latina\",\"datePublished\":\"2011-09-11T21:30:07+00:00\",\"dateModified\":\"2011-09-11T21:31:54+00:00\",\"mainEntityOfPage\":{\"@id\":\"https:\\\/\\\/eltecolote.org\\\/content\\\/en\\\/cinemas-enfatiza-cultura-latina\\\/\"},\"wordCount\":671,\"commentCount\":0,\"publisher\":{\"@id\":\"https:\\\/\\\/eltecolote.org\\\/content\\\/#organization\"},\"image\":{\"@id\":\"https:\\\/\\\/eltecolote.org\\\/content\\\/en\\\/cinemas-enfatiza-cultura-latina\\\/#primaryimage\"},\"thumbnailUrl\":\"http:\\\/\\\/eltecolote.org\\\/content\\\/wp-content\\\/uploads\\\/2011\\\/09\\\/Latino-Film-Fest_02.gif\",\"keywords\":[\"Being: Caf\u00e9 Tacuba\",\"Cine+Mas\",\"F*** My Life\",\"Fina Torres\",\"Habana Eva\",\"San Francisco Latino Film Festival\",\"The Open Sky\"],\"articleSection\":[\"News\"],\"inLanguage\":\"en\",\"potentialAction\":[{\"@type\":\"CommentAction\",\"name\":\"Comment\",\"target\":[\"https:\\\/\\\/eltecolote.org\\\/content\\\/en\\\/cinemas-enfatiza-cultura-latina\\\/#respond\"]}]},{\"@type\":\"WebPage\",\"@id\":\"https:\\\/\\\/eltecolote.org\\\/content\\\/en\\\/cinemas-enfatiza-cultura-latina\\\/\",\"url\":\"https:\\\/\\\/eltecolote.org\\\/content\\\/en\\\/cinemas-enfatiza-cultura-latina\\\/\",\"name\":\"Cine+Mas enfatiza cultura latina - El Tecolote\",\"isPartOf\":{\"@id\":\"https:\\\/\\\/eltecolote.org\\\/content\\\/#website\"},\"primaryImageOfPage\":{\"@id\":\"https:\\\/\\\/eltecolote.org\\\/content\\\/en\\\/cinemas-enfatiza-cultura-latina\\\/#primaryimage\"},\"image\":{\"@id\":\"https:\\\/\\\/eltecolote.org\\\/content\\\/en\\\/cinemas-enfatiza-cultura-latina\\\/#primaryimage\"},\"thumbnailUrl\":\"http:\\\/\\\/eltecolote.org\\\/content\\\/wp-content\\\/uploads\\\/2011\\\/09\\\/Latino-Film-Fest_02.gif\",\"datePublished\":\"2011-09-11T21:30:07+00:00\",\"dateModified\":\"2011-09-11T21:31:54+00:00\",\"description\":\"Para la mayor\u00eda de aficionados del cine no resulta f\u00e1cil asistir a festivales famosos como los de Telluride y Venecia, pero residentes del \u00e1rea de la bah\u00eda tendr\u00e1n la oportunidad de ver hasta veinte emocionantes y socialmente relevantes pel\u00edculas realizadas por variedad de cineastas durante el San Francisco Latino Film Festival del 2011, que comenzar\u00e1 la semana que viene.\",\"inLanguage\":\"en\",\"potentialAction\":[{\"@type\":\"ReadAction\",\"target\":[\"https:\\\/\\\/eltecolote.org\\\/content\\\/en\\\/cinemas-enfatiza-cultura-latina\\\/\"]}]},{\"@type\":\"ImageObject\",\"inLanguage\":\"en\",\"@id\":\"https:\\\/\\\/eltecolote.org\\\/content\\\/en\\\/cinemas-enfatiza-cultura-latina\\\/#primaryimage\",\"url\":\"http:\\\/\\\/eltecolote.org\\\/content\\\/wp-content\\\/uploads\\\/2011\\\/09\\\/Latino-Film-Fest_02.gif\",\"contentUrl\":\"http:\\\/\\\/eltecolote.org\\\/content\\\/wp-content\\\/uploads\\\/2011\\\/09\\\/Latino-Film-Fest_02.gif\"},{\"@type\":\"WebSite\",\"@id\":\"https:\\\/\\\/eltecolote.org\\\/content\\\/#website\",\"url\":\"https:\\\/\\\/eltecolote.org\\\/content\\\/\",\"name\":\"El Tecolote\",\"description\":\"San Francisco's Latinx newspaper since 1970\",\"publisher\":{\"@id\":\"https:\\\/\\\/eltecolote.org\\\/content\\\/#organization\"},\"potentialAction\":[{\"@type\":\"SearchAction\",\"target\":{\"@type\":\"EntryPoint\",\"urlTemplate\":\"https:\\\/\\\/eltecolote.org\\\/content\\\/?s={search_term_string}\"},\"query-input\":{\"@type\":\"PropertyValueSpecification\",\"valueRequired\":true,\"valueName\":\"search_term_string\"}}],\"inLanguage\":\"en\"},{\"@type\":\"Organization\",\"@id\":\"https:\\\/\\\/eltecolote.org\\\/content\\\/#organization\",\"name\":\"El Tecolote\",\"url\":\"https:\\\/\\\/eltecolote.org\\\/content\\\/\",\"logo\":{\"@type\":\"ImageObject\",\"inLanguage\":\"en\",\"@id\":\"https:\\\/\\\/eltecolote.org\\\/content\\\/#\\\/schema\\\/logo\\\/image\\\/\",\"url\":\"https:\\\/\\\/i0.wp.com\\\/eltecolote.org\\\/content\\\/wp-content\\\/uploads\\\/2021\\\/05\\\/ETlogo-1.jpg?fit=400%2C400&ssl=1\",\"contentUrl\":\"https:\\\/\\\/i0.wp.com\\\/eltecolote.org\\\/content\\\/wp-content\\\/uploads\\\/2021\\\/05\\\/ETlogo-1.jpg?fit=400%2C400&ssl=1\",\"width\":400,\"height\":400,\"caption\":\"El Tecolote\"},\"image\":{\"@id\":\"https:\\\/\\\/eltecolote.org\\\/content\\\/#\\\/schema\\\/logo\\\/image\\\/\"},\"sameAs\":[\"https:\\\/\\\/www.facebook.com\\\/ElTecoloteSF\\\/\",\"https:\\\/\\\/x.com\\\/eltecolotesf\",\"https:\\\/\\\/www.instagram.com\\\/eltecolotesf\\\/\"]},{\"@type\":\"Person\",\"@id\":\"https:\\\/\\\/eltecolote.org\\\/content\\\/#\\\/schema\\\/person\\\/ac6a772a1de69bbd20ed3c16c65767fb\",\"name\":\"El Tecolote Staff\",\"image\":{\"@type\":\"ImageObject\",\"inLanguage\":\"en\",\"@id\":\"https:\\\/\\\/secure.gravatar.com\\\/avatar\\\/d9253f3d56b5274b84d2ab5d82b5df69836596d31a36544e5630bd4f48c26ada?s=96&d=mm&r=gb71cc61ef8798fc3c1c985862dbc263e\",\"url\":\"https:\\\/\\\/secure.gravatar.com\\\/avatar\\\/d9253f3d56b5274b84d2ab5d82b5df69836596d31a36544e5630bd4f48c26ada?s=96&d=mm&r=g\",\"contentUrl\":\"https:\\\/\\\/secure.gravatar.com\\\/avatar\\\/d9253f3d56b5274b84d2ab5d82b5df69836596d31a36544e5630bd4f48c26ada?s=96&d=mm&r=g\",\"caption\":\"El Tecolote Staff\"},\"url\":\"https:\\\/\\\/eltecolote.org\\\/content\\\/author\\\/eltecolote\\\/\"}]}<\/script>\n<!-- \/ Yoast SEO plugin. -->","yoast_head_json":{"title":"Cine+Mas enfatiza cultura latina - El Tecolote","description":"Para la mayor\u00eda de aficionados del cine no resulta f\u00e1cil asistir a festivales famosos como los de Telluride y Venecia, pero residentes del \u00e1rea de la bah\u00eda tendr\u00e1n la oportunidad de ver hasta veinte emocionantes y socialmente relevantes pel\u00edculas realizadas por variedad de cineastas durante el San Francisco Latino Film Festival del 2011, que comenzar\u00e1 la semana que viene.","robots":{"index":"index","follow":"follow","max-snippet":"max-snippet:-1","max-image-preview":"max-image-preview:large","max-video-preview":"max-video-preview:-1"},"canonical":"https:\/\/eltecolote.org\/content\/en\/cinemas-enfatiza-cultura-latina\/","og_locale":"en_US","og_type":"article","og_title":"Cine+Mas enfatiza cultura latina - El Tecolote","og_description":"Para la mayor\u00eda de aficionados del cine no resulta f\u00e1cil asistir a festivales famosos como los de Telluride y Venecia, pero residentes del \u00e1rea de la bah\u00eda tendr\u00e1n la oportunidad de ver hasta veinte emocionantes y socialmente relevantes pel\u00edculas realizadas por variedad de cineastas durante el San Francisco Latino Film Festival del 2011, que comenzar\u00e1 la semana que viene.","og_url":"https:\/\/eltecolote.org\/content\/en\/cinemas-enfatiza-cultura-latina\/","og_site_name":"El Tecolote","article_publisher":"https:\/\/www.facebook.com\/ElTecoloteSF\/","article_published_time":"2011-09-11T21:30:07+00:00","article_modified_time":"2011-09-11T21:31:54+00:00","og_image":[{"url":"http:\/\/eltecolote.org\/content\/wp-content\/uploads\/2011\/09\/Latino-Film-Fest_02.gif","type":"","width":"","height":""}],"author":"El Tecolote Staff, El Tecolote Staff","twitter_card":"summary_large_image","twitter_creator":"@eltecolotesf","twitter_site":"@eltecolotesf","twitter_misc":{"Written by":"El Tecolote Staff, El Tecolote Staff","Est. reading time":"3 minutes"},"schema":{"@context":"https:\/\/schema.org","@graph":[{"@type":"NewsArticle","@id":"https:\/\/eltecolote.org\/content\/en\/cinemas-enfatiza-cultura-latina\/#article","isPartOf":{"@id":"https:\/\/eltecolote.org\/content\/en\/cinemas-enfatiza-cultura-latina\/"},"author":{"name":"El Tecolote Staff","@id":"https:\/\/eltecolote.org\/content\/#\/schema\/person\/ac6a772a1de69bbd20ed3c16c65767fb"},"headline":"Cine+Mas enfatiza cultura latina","datePublished":"2011-09-11T21:30:07+00:00","dateModified":"2011-09-11T21:31:54+00:00","mainEntityOfPage":{"@id":"https:\/\/eltecolote.org\/content\/en\/cinemas-enfatiza-cultura-latina\/"},"wordCount":671,"commentCount":0,"publisher":{"@id":"https:\/\/eltecolote.org\/content\/#organization"},"image":{"@id":"https:\/\/eltecolote.org\/content\/en\/cinemas-enfatiza-cultura-latina\/#primaryimage"},"thumbnailUrl":"http:\/\/eltecolote.org\/content\/wp-content\/uploads\/2011\/09\/Latino-Film-Fest_02.gif","keywords":["Being: Caf\u00e9 Tacuba","Cine+Mas","F*** My Life","Fina Torres","Habana Eva","San Francisco Latino Film Festival","The Open Sky"],"articleSection":["News"],"inLanguage":"en","potentialAction":[{"@type":"CommentAction","name":"Comment","target":["https:\/\/eltecolote.org\/content\/en\/cinemas-enfatiza-cultura-latina\/#respond"]}]},{"@type":"WebPage","@id":"https:\/\/eltecolote.org\/content\/en\/cinemas-enfatiza-cultura-latina\/","url":"https:\/\/eltecolote.org\/content\/en\/cinemas-enfatiza-cultura-latina\/","name":"Cine+Mas enfatiza cultura latina - El Tecolote","isPartOf":{"@id":"https:\/\/eltecolote.org\/content\/#website"},"primaryImageOfPage":{"@id":"https:\/\/eltecolote.org\/content\/en\/cinemas-enfatiza-cultura-latina\/#primaryimage"},"image":{"@id":"https:\/\/eltecolote.org\/content\/en\/cinemas-enfatiza-cultura-latina\/#primaryimage"},"thumbnailUrl":"http:\/\/eltecolote.org\/content\/wp-content\/uploads\/2011\/09\/Latino-Film-Fest_02.gif","datePublished":"2011-09-11T21:30:07+00:00","dateModified":"2011-09-11T21:31:54+00:00","description":"Para la mayor\u00eda de aficionados del cine no resulta f\u00e1cil asistir a festivales famosos como los de Telluride y Venecia, pero residentes del \u00e1rea de la bah\u00eda tendr\u00e1n la oportunidad de ver hasta veinte emocionantes y socialmente relevantes pel\u00edculas realizadas por variedad de cineastas durante el San Francisco Latino Film Festival del 2011, que comenzar\u00e1 la semana que viene.","inLanguage":"en","potentialAction":[{"@type":"ReadAction","target":["https:\/\/eltecolote.org\/content\/en\/cinemas-enfatiza-cultura-latina\/"]}]},{"@type":"ImageObject","inLanguage":"en","@id":"https:\/\/eltecolote.org\/content\/en\/cinemas-enfatiza-cultura-latina\/#primaryimage","url":"http:\/\/eltecolote.org\/content\/wp-content\/uploads\/2011\/09\/Latino-Film-Fest_02.gif","contentUrl":"http:\/\/eltecolote.org\/content\/wp-content\/uploads\/2011\/09\/Latino-Film-Fest_02.gif"},{"@type":"WebSite","@id":"https:\/\/eltecolote.org\/content\/#website","url":"https:\/\/eltecolote.org\/content\/","name":"El Tecolote","description":"San Francisco's Latinx newspaper since 1970","publisher":{"@id":"https:\/\/eltecolote.org\/content\/#organization"},"potentialAction":[{"@type":"SearchAction","target":{"@type":"EntryPoint","urlTemplate":"https:\/\/eltecolote.org\/content\/?s={search_term_string}"},"query-input":{"@type":"PropertyValueSpecification","valueRequired":true,"valueName":"search_term_string"}}],"inLanguage":"en"},{"@type":"Organization","@id":"https:\/\/eltecolote.org\/content\/#organization","name":"El Tecolote","url":"https:\/\/eltecolote.org\/content\/","logo":{"@type":"ImageObject","inLanguage":"en","@id":"https:\/\/eltecolote.org\/content\/#\/schema\/logo\/image\/","url":"https:\/\/i0.wp.com\/eltecolote.org\/content\/wp-content\/uploads\/2021\/05\/ETlogo-1.jpg?fit=400%2C400&ssl=1","contentUrl":"https:\/\/i0.wp.com\/eltecolote.org\/content\/wp-content\/uploads\/2021\/05\/ETlogo-1.jpg?fit=400%2C400&ssl=1","width":400,"height":400,"caption":"El Tecolote"},"image":{"@id":"https:\/\/eltecolote.org\/content\/#\/schema\/logo\/image\/"},"sameAs":["https:\/\/www.facebook.com\/ElTecoloteSF\/","https:\/\/x.com\/eltecolotesf","https:\/\/www.instagram.com\/eltecolotesf\/"]},{"@type":"Person","@id":"https:\/\/eltecolote.org\/content\/#\/schema\/person\/ac6a772a1de69bbd20ed3c16c65767fb","name":"El Tecolote Staff","image":{"@type":"ImageObject","inLanguage":"en","@id":"https:\/\/secure.gravatar.com\/avatar\/d9253f3d56b5274b84d2ab5d82b5df69836596d31a36544e5630bd4f48c26ada?s=96&d=mm&r=gb71cc61ef8798fc3c1c985862dbc263e","url":"https:\/\/secure.gravatar.com\/avatar\/d9253f3d56b5274b84d2ab5d82b5df69836596d31a36544e5630bd4f48c26ada?s=96&d=mm&r=g","contentUrl":"https:\/\/secure.gravatar.com\/avatar\/d9253f3d56b5274b84d2ab5d82b5df69836596d31a36544e5630bd4f48c26ada?s=96&d=mm&r=g","caption":"El Tecolote Staff"},"url":"https:\/\/eltecolote.org\/content\/author\/eltecolote\/"}]}},"distributor_meta":false,"distributor_terms":false,"distributor_media":false,"distributor_original_site_name":"El Tecolote","distributor_original_site_url":"https:\/\/eltecolote.org\/content","push-errors":false,"_links":{"self":[{"href":"https:\/\/eltecolote.org\/content\/wp-json\/wp\/v2\/posts\/10425","targetHints":{"allow":["GET"]}}],"collection":[{"href":"https:\/\/eltecolote.org\/content\/wp-json\/wp\/v2\/posts"}],"about":[{"href":"https:\/\/eltecolote.org\/content\/wp-json\/wp\/v2\/types\/post"}],"author":[{"embeddable":true,"href":"https:\/\/eltecolote.org\/content\/wp-json\/wp\/v2\/users\/88891"}],"replies":[{"embeddable":true,"href":"https:\/\/eltecolote.org\/content\/wp-json\/wp\/v2\/comments?post=10425"}],"version-history":[{"count":7,"href":"https:\/\/eltecolote.org\/content\/wp-json\/wp\/v2\/posts\/10425\/revisions"}],"predecessor-version":[{"id":10434,"href":"https:\/\/eltecolote.org\/content\/wp-json\/wp\/v2\/posts\/10425\/revisions\/10434"}],"wp:attachment":[{"href":"https:\/\/eltecolote.org\/content\/wp-json\/wp\/v2\/media?parent=10425"}],"wp:term":[{"taxonomy":"category","embeddable":true,"href":"https:\/\/eltecolote.org\/content\/wp-json\/wp\/v2\/categories?post=10425"},{"taxonomy":"post_tag","embeddable":true,"href":"https:\/\/eltecolote.org\/content\/wp-json\/wp\/v2\/tags?post=10425"},{"taxonomy":"author","embeddable":true,"href":"https:\/\/eltecolote.org\/content\/wp-json\/wp\/v2\/coauthors?post=10425"}],"curies":[{"name":"wp","href":"https:\/\/api.w.org\/{rel}","templated":true}]}}