{"id":10404,"date":"2011-09-11T11:57:26","date_gmt":"2011-09-11T18:57:26","guid":{"rendered":"http:\/\/eltecolote.org\/content\/?p=10404"},"modified":"2011-09-11T13:57:44","modified_gmt":"2011-09-11T20:57:44","slug":"activista-latino-se-refiere-a-redada-del-fbi","status":"publish","type":"post","link":"https:\/\/eltecolote.org\/content\/en\/activista-latino-se-refiere-a-redada-del-fbi\/","title":{"rendered":"Activista latino se refiere a redada del FBI"},"content":{"rendered":"<figure id=\"attachment_10399\" aria-describedby=\"caption-attachment-10399\" style=\"width: 700px\" class=\"wp-caption alignnone\"><a rel=\"attachment wp-att-10399\" href=\"https:\/\/eltecolote.org\/content\/?attachment_id=10399\"><img data-recalc-dims=\"1\" loading=\"lazy\" decoding=\"async\" class=\"size-full wp-image-10399 \" title=\"Carlos-Montes_01\" src=\"https:\/\/i0.wp.com\/eltecolote.org\/content\/wp-content\/uploads\/2011\/09\/Carlos-Montes_01.gif?resize=700%2C491&#038;ssl=1\" alt=\"\" width=\"700\" height=\"491\" srcset=\"https:\/\/i0.wp.com\/eltecolote.org\/content\/wp-content\/uploads\/2011\/09\/Carlos-Montes_01.gif?w=700&amp;ssl=1 700w, https:\/\/i0.wp.com\/eltecolote.org\/content\/wp-content\/uploads\/2011\/09\/Carlos-Montes_01.gif?resize=600%2C420&amp;ssl=1 600w, https:\/\/i0.wp.com\/eltecolote.org\/content\/wp-content\/uploads\/2011\/09\/Carlos-Montes_01.gif?resize=356%2C250&amp;ssl=1 356w\" sizes=\"auto, (max-width: 700px) 100vw, 700px\" \/><\/a><figcaption id=\"caption-attachment-10399\" class=\"wp-caption-text\">Carlos Montes, antiguo Brown Beret habla en el Centro de Educaci\u00f3n Politica el Jueves 1 de septiembre, 2011. Photo Sharah Nieto<\/figcaption><\/figure>\n<p>El veterano activista Carlos Montes, co-fundador de los Boinas Caf\u00e9s y l\u00edder de las protestas estudiantiles del Este de Los \u00c1ngeles en 1968, confronta una posible pena de 16 a\u00f1os en prisi\u00f3n despu\u00e9s que el FBI registrara su casa.<\/p>\n<p>Montes imparti\u00f3 una pl\u00e1tica el mi\u00e9rcoles 29 de agosto, en la que narr\u00f3 su m\u00e1s reciente encuentro con el FBI, el 17 de Mayo a las 5 a.m., cuando agentes federales en colaboraci\u00f3n con el equipo SWAT del Sherif del Condado de Los Angeles, tumbaron la puerta de su casa y confiscaron su computadora, tel\u00e9fonos celulares, cientos de documentos, fotos y archivos electr\u00f3nicos.<\/p>\n<p>\u201cYo estaba dormido cuando pas\u00f3,\u201d dijo Montes a la audiencia. \u201cEllos se metieron y me apuntaron a la cabeza con sus armas; revolvieron mi casa y registraron todo.\u201d<\/p>\n<p>El evento, llamado \u201cPorqu\u00e9 esta atacando el FBI a Carlos Montes?,\u201d fue patrocinado por el Comit\u00e9 \u00c1rea de la Bah\u00eda para Detener la Represi\u00f3n Pol\u00edtica, la Alianza Negra por Inmigraci\u00f3n Justa y el Centro de Educaci\u00f3n Pol\u00edtica, que crearon un espacio para las cerca de 80 personas que asistieron.<\/p>\n<p>El Comit\u00e9 \u00c1rea de la Bah\u00eda para Detener la Represi\u00f3n Pol\u00edtica es una subdivisi\u00f3n del Comit\u00e9 para Detener la Represi\u00f3n Pol\u00edtica y ha sido formado en respuesta a las redadas del FBI en Ilinois, Minesota y Michigan en hogares y oficinas de varios grupos en contra de la Guerra, incluyendo el Comit\u00e9 Contra la Guerra Ciudades Gemelas, el Grupo Solidaridad Palestina, el Network Acci\u00f3n Colombiana, la Sociedad Estudiantes por la Democracia y la Organizaci\u00f3n Camino Libre Socialista.<br \/>\nEl FBI arrest\u00f3 a Montes y lo interrog\u00f3 sobre sus actividades pol\u00edticas actuales en la lucha a favor de la inmigraci\u00f3n y el movimiento por los derechos civiles de los Chicanos.<\/p>\n<p>\u201cDijeron que me arrestaban porque yo era un ex-convicto y porque ten\u00eda un arma en mi posesi\u00f3n,\u201d dijo Montes. \u201cAhora tengo que ir a la corte por seis delitos.\u201d<\/p>\n<p>Montes asegur\u00f3 que sus armas hab\u00edan sido registradas hac\u00eda mucho tiempo, y que cree que su arresto tuvo conexi\u00f3n con grupos activistas en particular.<\/p>\n<p>Montes refrend\u00f3 que se encuentra bajo investigaci\u00f3n por proveer \u201cmaterial de apoyo\u201d a organizaciones oficialmente registradas como terroristas por el gobierno de Estados Unidos. La provisi\u00f3n de \u201cmaterial de apoyo\u201d de la Ley Patriota ha recibido amplia cr\u00edtica por parte de organizaciones de los derechos humanos debido a su ambig\u00fcedad respecto al tipo de cosas que pueden considerarse apoyo, que van desde proveer armas, dar lecciones de idioma, hasta dar asilo a personas envueltas en grupos que el gobierno se\u00f1ala como organizaciones terroristas.<\/p>\n<p>Las sentencias para aquellos que son encontrados culpables de proveer formas m\u00ednimas de material de apoyo, pueden llegar a ser de hasta 15 a\u00f1os.<br \/>\nCuando se le pregunt\u00f3 por su opini\u00f3n sobre el material de apoyo, Montes dijo: \u201cLa solidaridad no es un crimen.\u201d<\/p>\n<p>Despu\u00e9s de discutir los cargos actuales, Montes prosigui\u00f3 a relatar su participaci\u00f3n en el movimiento Chicano de los derechos civiles en 1960 y las lecciones que aprendi\u00f3 durante el movimiento contra la Guerra en Vietnam, con la advertencia de que no hab\u00eda tiempo suficiente para contarlo todo.<\/p>\n<p>\u201cDe Vietnam aprend\u00ed que la ucha no es solo sobre la educaci\u00f3n, o paz, o justicia,\u201d dijo Montes. \u201cLa lucha es por liberaci\u00f3n y determinaci\u00f3n propia.\u201d<br \/>\nMontes dice que fue atacado debido a su simpatia por las personas oprimidas en el mundo.<\/p>\n<p>Montes habl\u00f3 junto con Cynthia Mu\u00f1oz Ramos de Causa Justa, quien explic\u00f3 los m\u00e1s recientes perfiles sobre la poblaci\u00f3n inmigrante del FBI y del ICE, y Nancy Hernandez, quien habl\u00f3 sobre la severa crisis en la ocupada Palestina.<br \/>\nMu\u00f1oz habl\u00f3 de la importancia de unirse o iniciar una organizaci\u00f3n local y de pasar la voz sobre lo que est\u00e1 pasando, enfatizando que \u00e9ste evento fue un esfuerzo al solo realizarlo.<\/p>\n<p>\u201cTrataron de detener el movimiento Chicano de los 60\u2019s, ahora estan haciendo lo mismo en Los Angeles,\u201d dijo Montes. \u201cAprend\u00ed de los 60\u2019s y 70\u2019s que tienes que hacer campa\u00f1as para liberar presos pol\u00edticos.\u201d<br \/>\nSe recaudaron m\u00e1s de $1,000 en el evento para ayudar a cubrir los gastos legales de Montes. \u00c9l debe presentarse en la corte el 29 de Septiembre.<br \/>\nVisita <a href=\"www.stopfbi.net\">www.stopfbi.net<\/a> para ver una petici\u00f3n y leer las recientes noticias sobre otros activistas que han sido victimas de redadas del FBI.<br \/>\n<em><br \/>\n\u2014Traducci\u00f3n Carmen Ruiz<\/em><\/p>\n","protected":false},"excerpt":{"rendered":"<p>El veterano activista Carlos Montes, co-fundador de los Boinas Caf\u00e9s y l\u00edder de las protestas estudiantiles del Este de Los \u00c1ngeles en 1968, confronta una posible pena de 16 a\u00f1os en prisi\u00f3n despu\u00e9s que el FBI registrara su casa.<\/p>\n","protected":false},"author":88891,"featured_media":0,"comment_status":"open","ping_status":"open","sticky":false,"template":"","format":"standard","meta":{"newspack_popups_has_disabled_popups":false,"newspack_featured_image_position":"","newspack_post_subtitle":"","newspack_article_summary_title":"Overview:","newspack_article_summary":"","newspack_hide_updated_date":false,"newspack_show_updated_date":false,"footnotes":""},"categories":[7],"tags":[1235,1234,1237,1236],"coauthors":[18460,18445],"class_list":["post-10404","post","type-post","status-publish","format-standard","hentry","category-news","tag-brown-berets","tag-carlos-montes","tag-committee-to-stop-political-repression","tag-the-bay-area-committee-to-stop-political-repression","entry"],"yoast_head":"<!-- This site is optimized with the Yoast SEO plugin v27.4 - https:\/\/yoast.com\/product\/yoast-seo-wordpress\/ -->\n<title>Activista latino se refiere a redada del FBI - El Tecolote<\/title>\n<meta name=\"description\" content=\"El veterano activista Carlos Montes, co-fundador de los Boinas Caf\u00e9s y l\u00edder de las protestas estudiantiles del Este de Los \u00c1ngeles en 1968, confronta una posible pena de 16 a\u00f1os en prisi\u00f3n despu\u00e9s que el FBI registrara su casa.\" \/>\n<meta name=\"robots\" content=\"index, follow, max-snippet:-1, max-image-preview:large, max-video-preview:-1\" \/>\n<link rel=\"canonical\" href=\"https:\/\/eltecolote.org\/content\/en\/activista-latino-se-refiere-a-redada-del-fbi\/\" \/>\n<meta property=\"og:locale\" content=\"en_US\" \/>\n<meta property=\"og:type\" content=\"article\" \/>\n<meta property=\"og:title\" content=\"Activista latino se refiere a redada del FBI - El Tecolote\" \/>\n<meta property=\"og:description\" content=\"El veterano activista Carlos Montes, co-fundador de los Boinas Caf\u00e9s y l\u00edder de las protestas estudiantiles del Este de Los \u00c1ngeles en 1968, confronta una posible pena de 16 a\u00f1os en prisi\u00f3n despu\u00e9s que el FBI registrara su casa.\" \/>\n<meta property=\"og:url\" content=\"https:\/\/eltecolote.org\/content\/en\/activista-latino-se-refiere-a-redada-del-fbi\/\" \/>\n<meta property=\"og:site_name\" content=\"El Tecolote\" \/>\n<meta property=\"article:publisher\" content=\"https:\/\/www.facebook.com\/ElTecoloteSF\/\" \/>\n<meta property=\"article:published_time\" content=\"2011-09-11T18:57:26+00:00\" \/>\n<meta property=\"article:modified_time\" content=\"2011-09-11T20:57:44+00:00\" \/>\n<meta property=\"og:image\" content=\"http:\/\/eltecolote.org\/content\/wp-content\/uploads\/2011\/09\/Carlos-Montes_01.gif\" \/>\n<meta name=\"author\" content=\"El Tecolote Staff, El Tecolote Staff\" \/>\n<meta name=\"twitter:card\" content=\"summary_large_image\" \/>\n<meta name=\"twitter:creator\" content=\"@eltecolotesf\" \/>\n<meta name=\"twitter:site\" content=\"@eltecolotesf\" \/>\n<meta name=\"twitter:label1\" content=\"Written by\" \/>\n\t<meta name=\"twitter:data1\" content=\"El Tecolote Staff, El Tecolote Staff\" \/>\n\t<meta name=\"twitter:label2\" content=\"Est. reading time\" \/>\n\t<meta name=\"twitter:data2\" content=\"4 minutes\" \/>\n<script type=\"application\/ld+json\" class=\"yoast-schema-graph\">{\"@context\":\"https:\\\/\\\/schema.org\",\"@graph\":[{\"@type\":\"NewsArticle\",\"@id\":\"https:\\\/\\\/eltecolote.org\\\/content\\\/en\\\/activista-latino-se-refiere-a-redada-del-fbi\\\/#article\",\"isPartOf\":{\"@id\":\"https:\\\/\\\/eltecolote.org\\\/content\\\/en\\\/activista-latino-se-refiere-a-redada-del-fbi\\\/\"},\"author\":{\"name\":\"El Tecolote Staff\",\"@id\":\"https:\\\/\\\/eltecolote.org\\\/content\\\/#\\\/schema\\\/person\\\/ac6a772a1de69bbd20ed3c16c65767fb\"},\"headline\":\"Activista latino se refiere a redada del FBI\",\"datePublished\":\"2011-09-11T18:57:26+00:00\",\"dateModified\":\"2011-09-11T20:57:44+00:00\",\"mainEntityOfPage\":{\"@id\":\"https:\\\/\\\/eltecolote.org\\\/content\\\/en\\\/activista-latino-se-refiere-a-redada-del-fbi\\\/\"},\"wordCount\":797,\"commentCount\":0,\"publisher\":{\"@id\":\"https:\\\/\\\/eltecolote.org\\\/content\\\/#organization\"},\"image\":{\"@id\":\"https:\\\/\\\/eltecolote.org\\\/content\\\/en\\\/activista-latino-se-refiere-a-redada-del-fbi\\\/#primaryimage\"},\"thumbnailUrl\":\"http:\\\/\\\/eltecolote.org\\\/content\\\/wp-content\\\/uploads\\\/2011\\\/09\\\/Carlos-Montes_01.gif\",\"keywords\":[\"Brown Berets\",\"Carlos Montes\",\"Committee to Stop Political Repression\",\"The Bay Area Committee to Stop Political Repression\"],\"articleSection\":[\"News\"],\"inLanguage\":\"en\",\"potentialAction\":[{\"@type\":\"CommentAction\",\"name\":\"Comment\",\"target\":[\"https:\\\/\\\/eltecolote.org\\\/content\\\/en\\\/activista-latino-se-refiere-a-redada-del-fbi\\\/#respond\"]}]},{\"@type\":\"WebPage\",\"@id\":\"https:\\\/\\\/eltecolote.org\\\/content\\\/en\\\/activista-latino-se-refiere-a-redada-del-fbi\\\/\",\"url\":\"https:\\\/\\\/eltecolote.org\\\/content\\\/en\\\/activista-latino-se-refiere-a-redada-del-fbi\\\/\",\"name\":\"Activista latino se refiere a redada del FBI - El Tecolote\",\"isPartOf\":{\"@id\":\"https:\\\/\\\/eltecolote.org\\\/content\\\/#website\"},\"primaryImageOfPage\":{\"@id\":\"https:\\\/\\\/eltecolote.org\\\/content\\\/en\\\/activista-latino-se-refiere-a-redada-del-fbi\\\/#primaryimage\"},\"image\":{\"@id\":\"https:\\\/\\\/eltecolote.org\\\/content\\\/en\\\/activista-latino-se-refiere-a-redada-del-fbi\\\/#primaryimage\"},\"thumbnailUrl\":\"http:\\\/\\\/eltecolote.org\\\/content\\\/wp-content\\\/uploads\\\/2011\\\/09\\\/Carlos-Montes_01.gif\",\"datePublished\":\"2011-09-11T18:57:26+00:00\",\"dateModified\":\"2011-09-11T20:57:44+00:00\",\"description\":\"El veterano activista Carlos Montes, co-fundador de los Boinas Caf\u00e9s y l\u00edder de las protestas estudiantiles del Este de Los \u00c1ngeles en 1968, confronta una posible pena de 16 a\u00f1os en prisi\u00f3n despu\u00e9s que el FBI registrara su casa.\",\"inLanguage\":\"en\",\"potentialAction\":[{\"@type\":\"ReadAction\",\"target\":[\"https:\\\/\\\/eltecolote.org\\\/content\\\/en\\\/activista-latino-se-refiere-a-redada-del-fbi\\\/\"]}]},{\"@type\":\"ImageObject\",\"inLanguage\":\"en\",\"@id\":\"https:\\\/\\\/eltecolote.org\\\/content\\\/en\\\/activista-latino-se-refiere-a-redada-del-fbi\\\/#primaryimage\",\"url\":\"http:\\\/\\\/eltecolote.org\\\/content\\\/wp-content\\\/uploads\\\/2011\\\/09\\\/Carlos-Montes_01.gif\",\"contentUrl\":\"http:\\\/\\\/eltecolote.org\\\/content\\\/wp-content\\\/uploads\\\/2011\\\/09\\\/Carlos-Montes_01.gif\"},{\"@type\":\"WebSite\",\"@id\":\"https:\\\/\\\/eltecolote.org\\\/content\\\/#website\",\"url\":\"https:\\\/\\\/eltecolote.org\\\/content\\\/\",\"name\":\"El Tecolote\",\"description\":\"San Francisco's Latinx newspaper since 1970\",\"publisher\":{\"@id\":\"https:\\\/\\\/eltecolote.org\\\/content\\\/#organization\"},\"potentialAction\":[{\"@type\":\"SearchAction\",\"target\":{\"@type\":\"EntryPoint\",\"urlTemplate\":\"https:\\\/\\\/eltecolote.org\\\/content\\\/?s={search_term_string}\"},\"query-input\":{\"@type\":\"PropertyValueSpecification\",\"valueRequired\":true,\"valueName\":\"search_term_string\"}}],\"inLanguage\":\"en\"},{\"@type\":\"Organization\",\"@id\":\"https:\\\/\\\/eltecolote.org\\\/content\\\/#organization\",\"name\":\"El Tecolote\",\"url\":\"https:\\\/\\\/eltecolote.org\\\/content\\\/\",\"logo\":{\"@type\":\"ImageObject\",\"inLanguage\":\"en\",\"@id\":\"https:\\\/\\\/eltecolote.org\\\/content\\\/#\\\/schema\\\/logo\\\/image\\\/\",\"url\":\"https:\\\/\\\/i0.wp.com\\\/eltecolote.org\\\/content\\\/wp-content\\\/uploads\\\/2021\\\/05\\\/ETlogo-1.jpg?fit=400%2C400&ssl=1\",\"contentUrl\":\"https:\\\/\\\/i0.wp.com\\\/eltecolote.org\\\/content\\\/wp-content\\\/uploads\\\/2021\\\/05\\\/ETlogo-1.jpg?fit=400%2C400&ssl=1\",\"width\":400,\"height\":400,\"caption\":\"El Tecolote\"},\"image\":{\"@id\":\"https:\\\/\\\/eltecolote.org\\\/content\\\/#\\\/schema\\\/logo\\\/image\\\/\"},\"sameAs\":[\"https:\\\/\\\/www.facebook.com\\\/ElTecoloteSF\\\/\",\"https:\\\/\\\/x.com\\\/eltecolotesf\",\"https:\\\/\\\/www.instagram.com\\\/eltecolotesf\\\/\"]},{\"@type\":\"Person\",\"@id\":\"https:\\\/\\\/eltecolote.org\\\/content\\\/#\\\/schema\\\/person\\\/ac6a772a1de69bbd20ed3c16c65767fb\",\"name\":\"El Tecolote Staff\",\"image\":{\"@type\":\"ImageObject\",\"inLanguage\":\"en\",\"@id\":\"https:\\\/\\\/secure.gravatar.com\\\/avatar\\\/d9253f3d56b5274b84d2ab5d82b5df69836596d31a36544e5630bd4f48c26ada?s=96&d=mm&r=gb71cc61ef8798fc3c1c985862dbc263e\",\"url\":\"https:\\\/\\\/secure.gravatar.com\\\/avatar\\\/d9253f3d56b5274b84d2ab5d82b5df69836596d31a36544e5630bd4f48c26ada?s=96&d=mm&r=g\",\"contentUrl\":\"https:\\\/\\\/secure.gravatar.com\\\/avatar\\\/d9253f3d56b5274b84d2ab5d82b5df69836596d31a36544e5630bd4f48c26ada?s=96&d=mm&r=g\",\"caption\":\"El Tecolote Staff\"},\"url\":\"https:\\\/\\\/eltecolote.org\\\/content\\\/author\\\/eltecolote\\\/\"}]}<\/script>\n<!-- \/ Yoast SEO plugin. -->","yoast_head_json":{"title":"Activista latino se refiere a redada del FBI - El Tecolote","description":"El veterano activista Carlos Montes, co-fundador de los Boinas Caf\u00e9s y l\u00edder de las protestas estudiantiles del Este de Los \u00c1ngeles en 1968, confronta una posible pena de 16 a\u00f1os en prisi\u00f3n despu\u00e9s que el FBI registrara su casa.","robots":{"index":"index","follow":"follow","max-snippet":"max-snippet:-1","max-image-preview":"max-image-preview:large","max-video-preview":"max-video-preview:-1"},"canonical":"https:\/\/eltecolote.org\/content\/en\/activista-latino-se-refiere-a-redada-del-fbi\/","og_locale":"en_US","og_type":"article","og_title":"Activista latino se refiere a redada del FBI - El Tecolote","og_description":"El veterano activista Carlos Montes, co-fundador de los Boinas Caf\u00e9s y l\u00edder de las protestas estudiantiles del Este de Los \u00c1ngeles en 1968, confronta una posible pena de 16 a\u00f1os en prisi\u00f3n despu\u00e9s que el FBI registrara su casa.","og_url":"https:\/\/eltecolote.org\/content\/en\/activista-latino-se-refiere-a-redada-del-fbi\/","og_site_name":"El Tecolote","article_publisher":"https:\/\/www.facebook.com\/ElTecoloteSF\/","article_published_time":"2011-09-11T18:57:26+00:00","article_modified_time":"2011-09-11T20:57:44+00:00","og_image":[{"url":"http:\/\/eltecolote.org\/content\/wp-content\/uploads\/2011\/09\/Carlos-Montes_01.gif","type":"","width":"","height":""}],"author":"El Tecolote Staff, El Tecolote Staff","twitter_card":"summary_large_image","twitter_creator":"@eltecolotesf","twitter_site":"@eltecolotesf","twitter_misc":{"Written by":"El Tecolote Staff, El Tecolote Staff","Est. reading time":"4 minutes"},"schema":{"@context":"https:\/\/schema.org","@graph":[{"@type":"NewsArticle","@id":"https:\/\/eltecolote.org\/content\/en\/activista-latino-se-refiere-a-redada-del-fbi\/#article","isPartOf":{"@id":"https:\/\/eltecolote.org\/content\/en\/activista-latino-se-refiere-a-redada-del-fbi\/"},"author":{"name":"El Tecolote Staff","@id":"https:\/\/eltecolote.org\/content\/#\/schema\/person\/ac6a772a1de69bbd20ed3c16c65767fb"},"headline":"Activista latino se refiere a redada del FBI","datePublished":"2011-09-11T18:57:26+00:00","dateModified":"2011-09-11T20:57:44+00:00","mainEntityOfPage":{"@id":"https:\/\/eltecolote.org\/content\/en\/activista-latino-se-refiere-a-redada-del-fbi\/"},"wordCount":797,"commentCount":0,"publisher":{"@id":"https:\/\/eltecolote.org\/content\/#organization"},"image":{"@id":"https:\/\/eltecolote.org\/content\/en\/activista-latino-se-refiere-a-redada-del-fbi\/#primaryimage"},"thumbnailUrl":"http:\/\/eltecolote.org\/content\/wp-content\/uploads\/2011\/09\/Carlos-Montes_01.gif","keywords":["Brown Berets","Carlos Montes","Committee to Stop Political Repression","The Bay Area Committee to Stop Political Repression"],"articleSection":["News"],"inLanguage":"en","potentialAction":[{"@type":"CommentAction","name":"Comment","target":["https:\/\/eltecolote.org\/content\/en\/activista-latino-se-refiere-a-redada-del-fbi\/#respond"]}]},{"@type":"WebPage","@id":"https:\/\/eltecolote.org\/content\/en\/activista-latino-se-refiere-a-redada-del-fbi\/","url":"https:\/\/eltecolote.org\/content\/en\/activista-latino-se-refiere-a-redada-del-fbi\/","name":"Activista latino se refiere a redada del FBI - El Tecolote","isPartOf":{"@id":"https:\/\/eltecolote.org\/content\/#website"},"primaryImageOfPage":{"@id":"https:\/\/eltecolote.org\/content\/en\/activista-latino-se-refiere-a-redada-del-fbi\/#primaryimage"},"image":{"@id":"https:\/\/eltecolote.org\/content\/en\/activista-latino-se-refiere-a-redada-del-fbi\/#primaryimage"},"thumbnailUrl":"http:\/\/eltecolote.org\/content\/wp-content\/uploads\/2011\/09\/Carlos-Montes_01.gif","datePublished":"2011-09-11T18:57:26+00:00","dateModified":"2011-09-11T20:57:44+00:00","description":"El veterano activista Carlos Montes, co-fundador de los Boinas Caf\u00e9s y l\u00edder de las protestas estudiantiles del Este de Los \u00c1ngeles en 1968, confronta una posible pena de 16 a\u00f1os en prisi\u00f3n despu\u00e9s que el FBI registrara su casa.","inLanguage":"en","potentialAction":[{"@type":"ReadAction","target":["https:\/\/eltecolote.org\/content\/en\/activista-latino-se-refiere-a-redada-del-fbi\/"]}]},{"@type":"ImageObject","inLanguage":"en","@id":"https:\/\/eltecolote.org\/content\/en\/activista-latino-se-refiere-a-redada-del-fbi\/#primaryimage","url":"http:\/\/eltecolote.org\/content\/wp-content\/uploads\/2011\/09\/Carlos-Montes_01.gif","contentUrl":"http:\/\/eltecolote.org\/content\/wp-content\/uploads\/2011\/09\/Carlos-Montes_01.gif"},{"@type":"WebSite","@id":"https:\/\/eltecolote.org\/content\/#website","url":"https:\/\/eltecolote.org\/content\/","name":"El Tecolote","description":"San Francisco's Latinx newspaper since 1970","publisher":{"@id":"https:\/\/eltecolote.org\/content\/#organization"},"potentialAction":[{"@type":"SearchAction","target":{"@type":"EntryPoint","urlTemplate":"https:\/\/eltecolote.org\/content\/?s={search_term_string}"},"query-input":{"@type":"PropertyValueSpecification","valueRequired":true,"valueName":"search_term_string"}}],"inLanguage":"en"},{"@type":"Organization","@id":"https:\/\/eltecolote.org\/content\/#organization","name":"El Tecolote","url":"https:\/\/eltecolote.org\/content\/","logo":{"@type":"ImageObject","inLanguage":"en","@id":"https:\/\/eltecolote.org\/content\/#\/schema\/logo\/image\/","url":"https:\/\/i0.wp.com\/eltecolote.org\/content\/wp-content\/uploads\/2021\/05\/ETlogo-1.jpg?fit=400%2C400&ssl=1","contentUrl":"https:\/\/i0.wp.com\/eltecolote.org\/content\/wp-content\/uploads\/2021\/05\/ETlogo-1.jpg?fit=400%2C400&ssl=1","width":400,"height":400,"caption":"El Tecolote"},"image":{"@id":"https:\/\/eltecolote.org\/content\/#\/schema\/logo\/image\/"},"sameAs":["https:\/\/www.facebook.com\/ElTecoloteSF\/","https:\/\/x.com\/eltecolotesf","https:\/\/www.instagram.com\/eltecolotesf\/"]},{"@type":"Person","@id":"https:\/\/eltecolote.org\/content\/#\/schema\/person\/ac6a772a1de69bbd20ed3c16c65767fb","name":"El Tecolote Staff","image":{"@type":"ImageObject","inLanguage":"en","@id":"https:\/\/secure.gravatar.com\/avatar\/d9253f3d56b5274b84d2ab5d82b5df69836596d31a36544e5630bd4f48c26ada?s=96&d=mm&r=gb71cc61ef8798fc3c1c985862dbc263e","url":"https:\/\/secure.gravatar.com\/avatar\/d9253f3d56b5274b84d2ab5d82b5df69836596d31a36544e5630bd4f48c26ada?s=96&d=mm&r=g","contentUrl":"https:\/\/secure.gravatar.com\/avatar\/d9253f3d56b5274b84d2ab5d82b5df69836596d31a36544e5630bd4f48c26ada?s=96&d=mm&r=g","caption":"El Tecolote Staff"},"url":"https:\/\/eltecolote.org\/content\/author\/eltecolote\/"}]}},"distributor_meta":false,"distributor_terms":false,"distributor_media":false,"distributor_original_site_name":"El Tecolote","distributor_original_site_url":"https:\/\/eltecolote.org\/content","push-errors":false,"_links":{"self":[{"href":"https:\/\/eltecolote.org\/content\/wp-json\/wp\/v2\/posts\/10404","targetHints":{"allow":["GET"]}}],"collection":[{"href":"https:\/\/eltecolote.org\/content\/wp-json\/wp\/v2\/posts"}],"about":[{"href":"https:\/\/eltecolote.org\/content\/wp-json\/wp\/v2\/types\/post"}],"author":[{"embeddable":true,"href":"https:\/\/eltecolote.org\/content\/wp-json\/wp\/v2\/users\/88891"}],"replies":[{"embeddable":true,"href":"https:\/\/eltecolote.org\/content\/wp-json\/wp\/v2\/comments?post=10404"}],"version-history":[{"count":9,"href":"https:\/\/eltecolote.org\/content\/wp-json\/wp\/v2\/posts\/10404\/revisions"}],"predecessor-version":[{"id":10419,"href":"https:\/\/eltecolote.org\/content\/wp-json\/wp\/v2\/posts\/10404\/revisions\/10419"}],"wp:attachment":[{"href":"https:\/\/eltecolote.org\/content\/wp-json\/wp\/v2\/media?parent=10404"}],"wp:term":[{"taxonomy":"category","embeddable":true,"href":"https:\/\/eltecolote.org\/content\/wp-json\/wp\/v2\/categories?post=10404"},{"taxonomy":"post_tag","embeddable":true,"href":"https:\/\/eltecolote.org\/content\/wp-json\/wp\/v2\/tags?post=10404"},{"taxonomy":"author","embeddable":true,"href":"https:\/\/eltecolote.org\/content\/wp-json\/wp\/v2\/coauthors?post=10404"}],"curies":[{"name":"wp","href":"https:\/\/api.w.org\/{rel}","templated":true}]}}